
{"id":76494,"date":"2018-11-15T21:14:36","date_gmt":"2018-11-16T00:14:36","guid":{"rendered":"http:\/\/www.sudoestehoje.com.br\/novoportal\/?p=76494"},"modified":"2018-11-15T21:14:36","modified_gmt":"2018-11-16T00:14:36","slug":"motorista-que-foge-do-local-do-acidente-comete-crime-decide-supremo","status":"publish","type":"post","link":"https:\/\/www.sudoestehoje.com.br\/novoportal\/2018\/11\/15\/motorista-que-foge-do-local-do-acidente-comete-crime-decide-supremo\/","title":{"rendered":"MOTORISTA QUE FOGE DO LOCAL DO ACIDENTE COMETE CRIME, DECIDE SUPREMO"},"content":{"rendered":"<div class=\"mc-column content-text active-extra-styles active-capital-letter\" data-block-type=\"unstyled\" data-block-weight=\"29\" data-block-id=\"2\">\n<p class=\"content-text__container theme-color-primary-first-letter\" data-track-category=\"Link no Texto\" data-track-links=\"\"><a href=\"http:\/\/www.sudoestehoje.com.br\/novoportal\/wp-content\/uploads\/2018\/11\/ACIDENTE.jpg\"><img loading=\"lazy\" decoding=\"async\" class=\"aligncenter size-medium wp-image-76495\" src=\"http:\/\/www.sudoestehoje.com.br\/novoportal\/wp-content\/uploads\/2018\/11\/ACIDENTE-500x281.jpg\" alt=\"\" width=\"500\" height=\"281\" srcset=\"https:\/\/www.sudoestehoje.com.br\/novoportal\/wp-content\/uploads\/2018\/11\/ACIDENTE-500x281.jpg 500w, https:\/\/www.sudoestehoje.com.br\/novoportal\/wp-content\/uploads\/2018\/11\/ACIDENTE.jpg 690w\" sizes=\"auto, (max-width: 500px) 100vw, 500px\" \/><\/a><\/p>\n<p class=\"content-text__container theme-color-primary-first-letter\" data-track-category=\"Link no Texto\" data-track-links=\"\">O plen\u00e1rio do Supremo Tribunal Federal (STF) decidiu nesta quarta-feira, por sete votos a quatro, que \u00e9 crime a fuga de motorista do local de um acidente de tr\u00e2nsito.<\/p>\n<\/div>\n<div class=\"wall protected-content\">\n<div class=\"mc-column content-text active-extra-styles \" data-block-type=\"unstyled\" data-block-weight=\"30\" data-block-id=\"3\">\n<p class=\"content-text__container \" data-track-category=\"Link no Texto\" data-track-links=\"\">Para a maioria dos ministros, a puni\u00e7\u00e3o para quem deixa o local do acidente n\u00e3o fere a garantia do cidad\u00e3o de n\u00e3o ser obrigado a produzir prova contra si mesmo.<\/p>\n<\/div>\n<div class=\"mc-column content-text active-extra-styles \" data-block-type=\"unstyled\" data-block-weight=\"53\" data-block-id=\"4\">\n<p class=\"content-text__container \" data-track-category=\"Link no Texto\" data-track-links=\"\">De acordo com a decis\u00e3o do Supremo, a fuga deve ser criminalizada sempre que houver inten\u00e7\u00e3o de fugir \u00e0 responsabilidade penal \u2013 n\u00e3o ser processado por atropelamento ou morte, por exemplo \u2013 ou se a inten\u00e7\u00e3o for evitar a responsabiliza\u00e7\u00e3o civil \u2013 ter que arcar com os gastos de conserto ou outras indeniza\u00e7\u00f5es.<\/p>\n<\/div>\n<div class=\"mc-column content-text active-extra-styles \" data-block-type=\"unstyled\" data-block-weight=\"30\" data-block-id=\"5\">\n<p class=\"content-text__container \" data-track-category=\"Link no Texto\" data-track-links=\"\">Na decis\u00e3o, os ministros ressalvaram, por\u00e9m, que a puni\u00e7\u00e3o n\u00e3o se aplica se comprovadas situa\u00e7\u00f5es excepcionais, como casos em que o motorista estiver ferido ou se houver risco de linchamento.<\/p>\n<\/div>\n<div class=\"mc-column content-text active-extra-styles \" data-block-type=\"unstyled\" data-block-weight=\"50\" data-block-id=\"6\">\n<p class=\"content-text__container \" data-track-category=\"Link no Texto\" data-track-links=\"\">A maioria do Supremo considerou que \u00e9 constitucional o artigo 305 do C\u00f3digo de Tr\u00e2nsito Brasileiro. O artigo pune com deten\u00e7\u00e3o de seis meses a um ano o condutor do ve\u00edculo que se afasta do local do acidente \u201cpara fugir \u00e0 responsabilidade penal ou civil que lhe possa ser atribu\u00edda\u201d.<\/p>\n<\/div>\n<\/div>\n","protected":false},"excerpt":{"rendered":"<p>O plen\u00e1rio do Supremo Tribunal Federal (STF) decidiu nesta quarta-feira, por sete votos a quatro, que \u00e9 crime a fuga de motorista do local de um acidente de tr\u00e2nsito. Para a maioria dos ministros, a puni\u00e7\u00e3o para quem deixa o local do acidente n\u00e3o fere a garantia do cidad\u00e3o de n\u00e3o ser obrigado a produzir [&hellip;]<\/p>\n","protected":false},"author":2,"featured_media":76495,"comment_status":"open","ping_status":"open","sticky":false,"template":"","format":"standard","meta":{"footnotes":"","_links_to":"","_links_to_target":""},"categories":[1],"tags":[],"class_list":["post-76494","post","type-post","status-publish","format-standard","has-post-thumbnail","hentry","category-geral"],"views":1054,"_links":{"self":[{"href":"https:\/\/www.sudoestehoje.com.br\/novoportal\/wp-json\/wp\/v2\/posts\/76494","targetHints":{"allow":["GET"]}}],"collection":[{"href":"https:\/\/www.sudoestehoje.com.br\/novoportal\/wp-json\/wp\/v2\/posts"}],"about":[{"href":"https:\/\/www.sudoestehoje.com.br\/novoportal\/wp-json\/wp\/v2\/types\/post"}],"author":[{"embeddable":true,"href":"https:\/\/www.sudoestehoje.com.br\/novoportal\/wp-json\/wp\/v2\/users\/2"}],"replies":[{"embeddable":true,"href":"https:\/\/www.sudoestehoje.com.br\/novoportal\/wp-json\/wp\/v2\/comments?post=76494"}],"version-history":[{"count":1,"href":"https:\/\/www.sudoestehoje.com.br\/novoportal\/wp-json\/wp\/v2\/posts\/76494\/revisions"}],"predecessor-version":[{"id":76496,"href":"https:\/\/www.sudoestehoje.com.br\/novoportal\/wp-json\/wp\/v2\/posts\/76494\/revisions\/76496"}],"wp:featuredmedia":[{"embeddable":true,"href":"https:\/\/www.sudoestehoje.com.br\/novoportal\/wp-json\/wp\/v2\/media\/76495"}],"wp:attachment":[{"href":"https:\/\/www.sudoestehoje.com.br\/novoportal\/wp-json\/wp\/v2\/media?parent=76494"}],"wp:term":[{"taxonomy":"category","embeddable":true,"href":"https:\/\/www.sudoestehoje.com.br\/novoportal\/wp-json\/wp\/v2\/categories?post=76494"},{"taxonomy":"post_tag","embeddable":true,"href":"https:\/\/www.sudoestehoje.com.br\/novoportal\/wp-json\/wp\/v2\/tags?post=76494"}],"curies":[{"name":"wp","href":"https:\/\/api.w.org\/{rel}","templated":true}]}}