
{"id":76457,"date":"2018-11-13T20:42:38","date_gmt":"2018-11-13T23:42:38","guid":{"rendered":"http:\/\/www.sudoestehoje.com.br\/novoportal\/?p=76457"},"modified":"2018-11-13T20:42:38","modified_gmt":"2018-11-13T23:42:38","slug":"itapetinga-prefeitura-abre-licitacao-para-construcao-de-super-escola-no-vila-erika","status":"publish","type":"post","link":"https:\/\/www.sudoestehoje.com.br\/novoportal\/2018\/11\/13\/itapetinga-prefeitura-abre-licitacao-para-construcao-de-super-escola-no-vila-erika\/","title":{"rendered":"ITAPETINGA: PREFEITURA ABRE LICITA\u00c7\u00c3O PARA CONSTRU\u00c7\u00c3O DE SUPER ESCOLA NO VILA \u00c9RIKA"},"content":{"rendered":"<p><a href=\"http:\/\/www.sudoestehoje.com.br\/novoportal\/wp-content\/uploads\/2018\/11\/escola-1024x677.jpg\"><img loading=\"lazy\" decoding=\"async\" class=\"aligncenter size-medium wp-image-76465\" src=\"http:\/\/www.sudoestehoje.com.br\/novoportal\/wp-content\/uploads\/2018\/11\/escola-1024x677-500x331.jpg\" alt=\"\" width=\"500\" height=\"331\" srcset=\"https:\/\/www.sudoestehoje.com.br\/novoportal\/wp-content\/uploads\/2018\/11\/escola-1024x677-500x331.jpg 500w, https:\/\/www.sudoestehoje.com.br\/novoportal\/wp-content\/uploads\/2018\/11\/escola-1024x677-768x508.jpg 768w, https:\/\/www.sudoestehoje.com.br\/novoportal\/wp-content\/uploads\/2018\/11\/escola-1024x677-700x463.jpg 700w, https:\/\/www.sudoestehoje.com.br\/novoportal\/wp-content\/uploads\/2018\/11\/escola-1024x677.jpg 1024w\" sizes=\"auto, (max-width: 500px) 100vw, 500px\" \/><\/a><\/p>\n<p>O Di\u00e1rio Oficial Eletr\u00f4nico do munic\u00edpio de Itapetinga publicou nesta ter\u00e7a-feira (13), o Edital de Licita\u00e7\u00e3o, na modalidade de Concorr\u00eancia P\u00fablica, para contrata\u00e7\u00e3o de empresa especializada em servi\u00e7os de engenharia, para presta\u00e7\u00e3o de servi\u00e7os de constru\u00e7\u00e3o de uma escola com 12 salas de aula no bairro Vila \u00c9rika.<\/p>\n<p><a href=\"http:\/\/www.sudoestehoje.com.br\/novoportal\/wp-content\/uploads\/2018\/11\/escola-3.jpg\"><img loading=\"lazy\" decoding=\"async\" class=\"aligncenter size-medium wp-image-76463\" src=\"http:\/\/www.sudoestehoje.com.br\/novoportal\/wp-content\/uploads\/2018\/11\/escola-3-500x266.jpg\" alt=\"\" width=\"500\" height=\"266\" srcset=\"https:\/\/www.sudoestehoje.com.br\/novoportal\/wp-content\/uploads\/2018\/11\/escola-3-500x266.jpg 500w, https:\/\/www.sudoestehoje.com.br\/novoportal\/wp-content\/uploads\/2018\/11\/escola-3-768x408.jpg 768w, https:\/\/www.sudoestehoje.com.br\/novoportal\/wp-content\/uploads\/2018\/11\/escola-3-700x372.jpg 700w, https:\/\/www.sudoestehoje.com.br\/novoportal\/wp-content\/uploads\/2018\/11\/escola-3.jpg 850w\" sizes=\"auto, (max-width: 500px) 100vw, 500px\" \/><\/a><\/p>\n<p>A constru\u00e7\u00e3o da nova escola municipal, que j\u00e1 havia sido anunciada pelo prefeito Rodrigo Hagge, \u00e9 fruto da libera\u00e7\u00e3o de verbas do FNDE, atrav\u00e9s do esfor\u00e7o do deputado federal Jos\u00e9 Carlos Aleluia (DEM).<\/p>\n<p><a href=\"http:\/\/www.sudoestehoje.com.br\/novoportal\/wp-content\/uploads\/2018\/11\/escola-1-1.jpg\"><img loading=\"lazy\" decoding=\"async\" class=\"aligncenter size-medium wp-image-76461\" src=\"http:\/\/www.sudoestehoje.com.br\/novoportal\/wp-content\/uploads\/2018\/11\/escola-1-1-500x323.jpg\" alt=\"\" width=\"500\" height=\"323\" srcset=\"https:\/\/www.sudoestehoje.com.br\/novoportal\/wp-content\/uploads\/2018\/11\/escola-1-1-500x323.jpg 500w, https:\/\/www.sudoestehoje.com.br\/novoportal\/wp-content\/uploads\/2018\/11\/escola-1-1.jpg 520w\" sizes=\"auto, (max-width: 500px) 100vw, 500px\" \/><\/a><\/p>\n<p><strong><em>Por Davi Ferraz\u00a0<\/em><\/strong><\/p>\n","protected":false},"excerpt":{"rendered":"<p>O Di\u00e1rio Oficial Eletr\u00f4nico do munic\u00edpio de Itapetinga publicou nesta ter\u00e7a-feira (13), o Edital de Licita\u00e7\u00e3o, na modalidade de Concorr\u00eancia P\u00fablica, para contrata\u00e7\u00e3o de empresa especializada em servi\u00e7os de engenharia, para presta\u00e7\u00e3o de servi\u00e7os de constru\u00e7\u00e3o de uma escola com 12 salas de aula no bairro Vila \u00c9rika. A constru\u00e7\u00e3o da nova escola municipal, que [&hellip;]<\/p>\n","protected":false},"author":2,"featured_media":76465,"comment_status":"open","ping_status":"open","sticky":false,"template":"","format":"standard","meta":{"footnotes":"","_links_to":"","_links_to_target":""},"categories":[1],"tags":[],"class_list":["post-76457","post","type-post","status-publish","format-standard","has-post-thumbnail","hentry","category-geral"],"views":1414,"_links":{"self":[{"href":"https:\/\/www.sudoestehoje.com.br\/novoportal\/wp-json\/wp\/v2\/posts\/76457","targetHints":{"allow":["GET"]}}],"collection":[{"href":"https:\/\/www.sudoestehoje.com.br\/novoportal\/wp-json\/wp\/v2\/posts"}],"about":[{"href":"https:\/\/www.sudoestehoje.com.br\/novoportal\/wp-json\/wp\/v2\/types\/post"}],"author":[{"embeddable":true,"href":"https:\/\/www.sudoestehoje.com.br\/novoportal\/wp-json\/wp\/v2\/users\/2"}],"replies":[{"embeddable":true,"href":"https:\/\/www.sudoestehoje.com.br\/novoportal\/wp-json\/wp\/v2\/comments?post=76457"}],"version-history":[{"count":4,"href":"https:\/\/www.sudoestehoje.com.br\/novoportal\/wp-json\/wp\/v2\/posts\/76457\/revisions"}],"predecessor-version":[{"id":76466,"href":"https:\/\/www.sudoestehoje.com.br\/novoportal\/wp-json\/wp\/v2\/posts\/76457\/revisions\/76466"}],"wp:featuredmedia":[{"embeddable":true,"href":"https:\/\/www.sudoestehoje.com.br\/novoportal\/wp-json\/wp\/v2\/media\/76465"}],"wp:attachment":[{"href":"https:\/\/www.sudoestehoje.com.br\/novoportal\/wp-json\/wp\/v2\/media?parent=76457"}],"wp:term":[{"taxonomy":"category","embeddable":true,"href":"https:\/\/www.sudoestehoje.com.br\/novoportal\/wp-json\/wp\/v2\/categories?post=76457"},{"taxonomy":"post_tag","embeddable":true,"href":"https:\/\/www.sudoestehoje.com.br\/novoportal\/wp-json\/wp\/v2\/tags?post=76457"}],"curies":[{"name":"wp","href":"https:\/\/api.w.org\/{rel}","templated":true}]}}