
{"id":76333,"date":"2018-11-05T23:43:10","date_gmt":"2018-11-06T02:43:10","guid":{"rendered":"http:\/\/www.sudoestehoje.com.br\/novoportal\/?p=76333"},"modified":"2018-11-05T23:43:10","modified_gmt":"2018-11-06T02:43:10","slug":"pais-sao-presos-por-estupro-e-morte-de-filha-de-5-meses-em-candeias","status":"publish","type":"post","link":"https:\/\/www.sudoestehoje.com.br\/novoportal\/2018\/11\/05\/pais-sao-presos-por-estupro-e-morte-de-filha-de-5-meses-em-candeias\/","title":{"rendered":"PAIS S\u00c3O PRESOS POR ESTUPRO E MORTE DE FILHA DE 5 MESES EM CANDEIAS"},"content":{"rendered":"<p><a href=\"http:\/\/www.sudoestehoje.com.br\/novoportal\/wp-content\/uploads\/2018\/11\/Pais-s\u00e3o-presos-suspeitos-de-estuprar-e-matar-beb\u00ea-de-5-meses-em-Candeias.jpg\"><img loading=\"lazy\" decoding=\"async\" class=\"aligncenter size-medium wp-image-76334\" src=\"http:\/\/www.sudoestehoje.com.br\/novoportal\/wp-content\/uploads\/2018\/11\/Pais-s\u00e3o-presos-suspeitos-de-estuprar-e-matar-beb\u00ea-de-5-meses-em-Candeias-500x281.jpg\" alt=\"\" width=\"500\" height=\"281\" srcset=\"https:\/\/www.sudoestehoje.com.br\/novoportal\/wp-content\/uploads\/2018\/11\/Pais-s\u00e3o-presos-suspeitos-de-estuprar-e-matar-beb\u00ea-de-5-meses-em-Candeias-500x281.jpg 500w, https:\/\/www.sudoestehoje.com.br\/novoportal\/wp-content\/uploads\/2018\/11\/Pais-s\u00e3o-presos-suspeitos-de-estuprar-e-matar-beb\u00ea-de-5-meses-em-Candeias-768x432.jpg 768w, https:\/\/www.sudoestehoje.com.br\/novoportal\/wp-content\/uploads\/2018\/11\/Pais-s\u00e3o-presos-suspeitos-de-estuprar-e-matar-beb\u00ea-de-5-meses-em-Candeias-700x394.jpg 700w, https:\/\/www.sudoestehoje.com.br\/novoportal\/wp-content\/uploads\/2018\/11\/Pais-s\u00e3o-presos-suspeitos-de-estuprar-e-matar-beb\u00ea-de-5-meses-em-Candeias.jpg 1920w\" sizes=\"auto, (max-width: 500px) 100vw, 500px\" \/><\/a><\/p>\n<p>Um casal foi preso, nesta segunda (5), em Candeias, na Regi\u00e3o Metropolitana de Salvador, acusado de espancar e estuprar a filha, Joice Ara\u00fajo dos Santos Silva, de apenas 5 meses de idade. Elissandro Lima da Silva e Marileide Ara\u00fajo dos Santos s\u00e3o os nomes dos acusados, segundo anunciou a delegada especial de Atendimento \u00e0 Mulher (Deam) de Candeais, Iola Nolasco Faria.<\/p>\n<p>Segundo a Pol\u00edcia Civil, o Conselho Tutelar foi acionado depois que a crian\u00e7a foi levada para uma unidade de sa\u00fade, de Candeias, apresentando ferimentos graves num dos olhos e na regi\u00e3o genital. A m\u00e3e de Joice, Marileide, alegou que a filha estava com conjuntivite e por isso teria levado a beb\u00ea para o hospital.<\/p>\n<p>Elissandro e Marileide foram conduzidos por uma guarni\u00e7\u00e3o da Pol\u00edcia Militar para a sede da Deam de Candeias, onde acabaram autuados por homic\u00eddio qualificado e estupro. Os dois devem ser encaminhados para o sistema prisional.<\/p>\n","protected":false},"excerpt":{"rendered":"<p>Um casal foi preso, nesta segunda (5), em Candeias, na Regi\u00e3o Metropolitana de Salvador, acusado de espancar e estuprar a filha, Joice Ara\u00fajo dos Santos Silva, de apenas 5 meses de idade. Elissandro Lima da Silva e Marileide Ara\u00fajo dos Santos s\u00e3o os nomes dos acusados, segundo anunciou a delegada especial de Atendimento \u00e0 Mulher [&hellip;]<\/p>\n","protected":false},"author":2,"featured_media":76334,"comment_status":"open","ping_status":"open","sticky":false,"template":"","format":"standard","meta":{"footnotes":"","_links_to":"","_links_to_target":""},"categories":[1],"tags":[],"class_list":["post-76333","post","type-post","status-publish","format-standard","has-post-thumbnail","hentry","category-geral"],"views":1112,"_links":{"self":[{"href":"https:\/\/www.sudoestehoje.com.br\/novoportal\/wp-json\/wp\/v2\/posts\/76333","targetHints":{"allow":["GET"]}}],"collection":[{"href":"https:\/\/www.sudoestehoje.com.br\/novoportal\/wp-json\/wp\/v2\/posts"}],"about":[{"href":"https:\/\/www.sudoestehoje.com.br\/novoportal\/wp-json\/wp\/v2\/types\/post"}],"author":[{"embeddable":true,"href":"https:\/\/www.sudoestehoje.com.br\/novoportal\/wp-json\/wp\/v2\/users\/2"}],"replies":[{"embeddable":true,"href":"https:\/\/www.sudoestehoje.com.br\/novoportal\/wp-json\/wp\/v2\/comments?post=76333"}],"version-history":[{"count":2,"href":"https:\/\/www.sudoestehoje.com.br\/novoportal\/wp-json\/wp\/v2\/posts\/76333\/revisions"}],"predecessor-version":[{"id":76336,"href":"https:\/\/www.sudoestehoje.com.br\/novoportal\/wp-json\/wp\/v2\/posts\/76333\/revisions\/76336"}],"wp:featuredmedia":[{"embeddable":true,"href":"https:\/\/www.sudoestehoje.com.br\/novoportal\/wp-json\/wp\/v2\/media\/76334"}],"wp:attachment":[{"href":"https:\/\/www.sudoestehoje.com.br\/novoportal\/wp-json\/wp\/v2\/media?parent=76333"}],"wp:term":[{"taxonomy":"category","embeddable":true,"href":"https:\/\/www.sudoestehoje.com.br\/novoportal\/wp-json\/wp\/v2\/categories?post=76333"},{"taxonomy":"post_tag","embeddable":true,"href":"https:\/\/www.sudoestehoje.com.br\/novoportal\/wp-json\/wp\/v2\/tags?post=76333"}],"curies":[{"name":"wp","href":"https:\/\/api.w.org\/{rel}","templated":true}]}}