
{"id":76292,"date":"2018-11-04T19:00:53","date_gmt":"2018-11-04T22:00:53","guid":{"rendered":"http:\/\/www.sudoestehoje.com.br\/novoportal\/?p=76292"},"modified":"2018-11-04T20:54:36","modified_gmt":"2018-11-04T23:54:36","slug":"fora-de-casa-vitoria-arranca-empate-com-o-lanterna-do-brasileirao","status":"publish","type":"post","link":"https:\/\/www.sudoestehoje.com.br\/novoportal\/2018\/11\/04\/fora-de-casa-vitoria-arranca-empate-com-o-lanterna-do-brasileirao\/","title":{"rendered":"FORA DE CASA, VIT\u00d3RIA ARRANCA EMPATE CONTRA O LANTERNA DO BRASILEIR\u00c3O"},"content":{"rendered":"<p><a href=\"http:\/\/www.sudoestehoje.com.br\/novoportal\/wp-content\/uploads\/2018\/11\/vitoria-e-parana\u0301-1000x530.jpg\"><img loading=\"lazy\" decoding=\"async\" class=\"aligncenter size-medium wp-image-76293\" src=\"http:\/\/www.sudoestehoje.com.br\/novoportal\/wp-content\/uploads\/2018\/11\/vitoria-e-parana\u0301-1000x530-500x265.jpg\" alt=\"\" width=\"500\" height=\"265\" srcset=\"https:\/\/www.sudoestehoje.com.br\/novoportal\/wp-content\/uploads\/2018\/11\/vitoria-e-parana\u0301-1000x530-500x265.jpg 500w, https:\/\/www.sudoestehoje.com.br\/novoportal\/wp-content\/uploads\/2018\/11\/vitoria-e-parana\u0301-1000x530-768x407.jpg 768w, https:\/\/www.sudoestehoje.com.br\/novoportal\/wp-content\/uploads\/2018\/11\/vitoria-e-parana\u0301-1000x530-700x371.jpg 700w, https:\/\/www.sudoestehoje.com.br\/novoportal\/wp-content\/uploads\/2018\/11\/vitoria-e-parana\u0301-1000x530.jpg 1000w\" sizes=\"auto, (max-width: 500px) 100vw, 500px\" \/><\/a><\/p>\n<p>O Vit\u00f3ria empatou com o Paran\u00e1 em 1 a 1 neste domingo (4), em Curitiba. Jogando fora de casa contra o lanterna da S\u00e9rie A do Brasileir\u00e3o, o rubro-negro perdia at\u00e9 os 37 minutos do segundo tempo, at\u00e9 o atacante L\u00e9o Cear\u00e1 assegurar o placar igual em 1 a 1. O gol do Paran\u00e1 foi marcado por Alex Santana.<\/p>\n<p>O Vit\u00f3ria acumula 34 pontos e segue momentaneamente fora da zona de rebaixamento, estacionado na 16 posi\u00e7\u00e3o. Na rodada seguinte, o rubro-negro tem o cl\u00e1ssico Ba-Vi pela frente, no Barrad\u00e3o, no domingo (11), \u00e0s 16h, hor\u00e1rio da Bahia.<\/p>\n","protected":false},"excerpt":{"rendered":"<p>O Vit\u00f3ria empatou com o Paran\u00e1 em 1 a 1 neste domingo (4), em Curitiba. Jogando fora de casa contra o lanterna da S\u00e9rie A do Brasileir\u00e3o, o rubro-negro perdia at\u00e9 os 37 minutos do segundo tempo, at\u00e9 o atacante L\u00e9o Cear\u00e1 assegurar o placar igual em 1 a 1. O gol do Paran\u00e1 foi [&hellip;]<\/p>\n","protected":false},"author":2,"featured_media":76293,"comment_status":"open","ping_status":"open","sticky":false,"template":"","format":"standard","meta":{"footnotes":"","_links_to":"","_links_to_target":""},"categories":[1],"tags":[],"class_list":["post-76292","post","type-post","status-publish","format-standard","has-post-thumbnail","hentry","category-geral"],"views":983,"_links":{"self":[{"href":"https:\/\/www.sudoestehoje.com.br\/novoportal\/wp-json\/wp\/v2\/posts\/76292","targetHints":{"allow":["GET"]}}],"collection":[{"href":"https:\/\/www.sudoestehoje.com.br\/novoportal\/wp-json\/wp\/v2\/posts"}],"about":[{"href":"https:\/\/www.sudoestehoje.com.br\/novoportal\/wp-json\/wp\/v2\/types\/post"}],"author":[{"embeddable":true,"href":"https:\/\/www.sudoestehoje.com.br\/novoportal\/wp-json\/wp\/v2\/users\/2"}],"replies":[{"embeddable":true,"href":"https:\/\/www.sudoestehoje.com.br\/novoportal\/wp-json\/wp\/v2\/comments?post=76292"}],"version-history":[{"count":3,"href":"https:\/\/www.sudoestehoje.com.br\/novoportal\/wp-json\/wp\/v2\/posts\/76292\/revisions"}],"predecessor-version":[{"id":76296,"href":"https:\/\/www.sudoestehoje.com.br\/novoportal\/wp-json\/wp\/v2\/posts\/76292\/revisions\/76296"}],"wp:featuredmedia":[{"embeddable":true,"href":"https:\/\/www.sudoestehoje.com.br\/novoportal\/wp-json\/wp\/v2\/media\/76293"}],"wp:attachment":[{"href":"https:\/\/www.sudoestehoje.com.br\/novoportal\/wp-json\/wp\/v2\/media?parent=76292"}],"wp:term":[{"taxonomy":"category","embeddable":true,"href":"https:\/\/www.sudoestehoje.com.br\/novoportal\/wp-json\/wp\/v2\/categories?post=76292"},{"taxonomy":"post_tag","embeddable":true,"href":"https:\/\/www.sudoestehoje.com.br\/novoportal\/wp-json\/wp\/v2\/tags?post=76292"}],"curies":[{"name":"wp","href":"https:\/\/api.w.org\/{rel}","templated":true}]}}