
{"id":76285,"date":"2018-11-03T22:19:10","date_gmt":"2018-11-04T01:19:10","guid":{"rendered":"http:\/\/www.sudoestehoje.com.br\/novoportal\/?p=76285"},"modified":"2018-11-03T22:19:10","modified_gmt":"2018-11-04T01:19:10","slug":"incendio-destroi-hospital-no-rio-de-janeiro-tres-pacientes-morrem","status":"publish","type":"post","link":"https:\/\/www.sudoestehoje.com.br\/novoportal\/2018\/11\/03\/incendio-destroi-hospital-no-rio-de-janeiro-tres-pacientes-morrem\/","title":{"rendered":"INC\u00caNDIO DESTR\u00d3I HOSPITAL NO RIO DE JANEIRO; TR\u00caS PACIENTES MORREM"},"content":{"rendered":"<p><a href=\"http:\/\/www.sudoestehoje.com.br\/novoportal\/wp-content\/uploads\/2018\/11\/fogo.jpg\"><img loading=\"lazy\" decoding=\"async\" class=\"aligncenter size-medium wp-image-76286\" src=\"http:\/\/www.sudoestehoje.com.br\/novoportal\/wp-content\/uploads\/2018\/11\/fogo-500x281.jpg\" alt=\"\" width=\"500\" height=\"281\" srcset=\"https:\/\/www.sudoestehoje.com.br\/novoportal\/wp-content\/uploads\/2018\/11\/fogo-500x281.jpg 500w, https:\/\/www.sudoestehoje.com.br\/novoportal\/wp-content\/uploads\/2018\/11\/fogo-768x432.jpg 768w, https:\/\/www.sudoestehoje.com.br\/novoportal\/wp-content\/uploads\/2018\/11\/fogo-700x394.jpg 700w, https:\/\/www.sudoestehoje.com.br\/novoportal\/wp-content\/uploads\/2018\/11\/fogo.jpg 1280w\" sizes=\"auto, (max-width: 500px) 100vw, 500px\" \/><\/a><\/p>\n<p>Um inc\u00eandio na tarde deste s\u00e1bado (3) destruiu a Coordena\u00e7\u00e3o de Emerg\u00eancia Regional da Barra da Tijuca, na zona oeste do Rio de Janeiro. Segundo o prefeito do Rio, Marcelo Crivella, 50 pacientes estavam internados na unidade. Pelo menos 20 se encontravam em estado grave.<\/p>\n<p>Eles foram transferidos para o Hospital Municipal Louren\u00e7o Jorge, que fica no terreno ao lado do local atingido. A Prefeitura do Rio ainda n\u00e3o informou o estado de sa\u00fade dos pacientes transferidos. Crivella disse que pelo menos tr\u00eas deles morreram na transfer\u00eancia. Um dos pacientes tinha 83 anos.<\/p>\n<p>O centro tamb\u00e9m abriga uma UPA, Unidade de Pronto Atendimento, que recebe cerca de 900 pessoas diariamente. O fogo teve in\u00edcio no segundo andar, onde funciona o dormit\u00f3rio e centro de refei\u00e7\u00e3o dos funcion\u00e1rios. Por volta das 17h, os bombeiros conseguiram controlar o inc\u00eandio. No in\u00edcio da noite, pol\u00edcias e bombeiros dar\u00e3o in\u00edcio a per\u00edcia para saber as causas do inc\u00eandio.<\/p>\n","protected":false},"excerpt":{"rendered":"<p>Um inc\u00eandio na tarde deste s\u00e1bado (3) destruiu a Coordena\u00e7\u00e3o de Emerg\u00eancia Regional da Barra da Tijuca, na zona oeste do Rio de Janeiro. Segundo o prefeito do Rio, Marcelo Crivella, 50 pacientes estavam internados na unidade. Pelo menos 20 se encontravam em estado grave. Eles foram transferidos para o Hospital Municipal Louren\u00e7o Jorge, que [&hellip;]<\/p>\n","protected":false},"author":2,"featured_media":76286,"comment_status":"open","ping_status":"open","sticky":false,"template":"","format":"standard","meta":{"footnotes":"","_links_to":"","_links_to_target":""},"categories":[1],"tags":[],"class_list":["post-76285","post","type-post","status-publish","format-standard","has-post-thumbnail","hentry","category-geral"],"views":1229,"_links":{"self":[{"href":"https:\/\/www.sudoestehoje.com.br\/novoportal\/wp-json\/wp\/v2\/posts\/76285","targetHints":{"allow":["GET"]}}],"collection":[{"href":"https:\/\/www.sudoestehoje.com.br\/novoportal\/wp-json\/wp\/v2\/posts"}],"about":[{"href":"https:\/\/www.sudoestehoje.com.br\/novoportal\/wp-json\/wp\/v2\/types\/post"}],"author":[{"embeddable":true,"href":"https:\/\/www.sudoestehoje.com.br\/novoportal\/wp-json\/wp\/v2\/users\/2"}],"replies":[{"embeddable":true,"href":"https:\/\/www.sudoestehoje.com.br\/novoportal\/wp-json\/wp\/v2\/comments?post=76285"}],"version-history":[{"count":1,"href":"https:\/\/www.sudoestehoje.com.br\/novoportal\/wp-json\/wp\/v2\/posts\/76285\/revisions"}],"predecessor-version":[{"id":76287,"href":"https:\/\/www.sudoestehoje.com.br\/novoportal\/wp-json\/wp\/v2\/posts\/76285\/revisions\/76287"}],"wp:featuredmedia":[{"embeddable":true,"href":"https:\/\/www.sudoestehoje.com.br\/novoportal\/wp-json\/wp\/v2\/media\/76286"}],"wp:attachment":[{"href":"https:\/\/www.sudoestehoje.com.br\/novoportal\/wp-json\/wp\/v2\/media?parent=76285"}],"wp:term":[{"taxonomy":"category","embeddable":true,"href":"https:\/\/www.sudoestehoje.com.br\/novoportal\/wp-json\/wp\/v2\/categories?post=76285"},{"taxonomy":"post_tag","embeddable":true,"href":"https:\/\/www.sudoestehoje.com.br\/novoportal\/wp-json\/wp\/v2\/tags?post=76285"}],"curies":[{"name":"wp","href":"https:\/\/api.w.org\/{rel}","templated":true}]}}