
{"id":76281,"date":"2018-11-03T21:15:44","date_gmt":"2018-11-04T00:15:44","guid":{"rendered":"http:\/\/www.sudoestehoje.com.br\/novoportal\/?p=76281"},"modified":"2018-11-03T21:15:44","modified_gmt":"2018-11-04T00:15:44","slug":"55-milhoes-de-estudantes-fazem-enem-neste-domingo-no-horario-de-verao","status":"publish","type":"post","link":"https:\/\/www.sudoestehoje.com.br\/novoportal\/2018\/11\/03\/55-milhoes-de-estudantes-fazem-enem-neste-domingo-no-horario-de-verao\/","title":{"rendered":"5,5 MILH\u00d5ES DE ESTUDANTES FAZEM ENEM NESTE DOMINGO, NO HOR\u00c1RIO DE VER\u00c3O"},"content":{"rendered":"<p><a href=\"http:\/\/www.sudoestehoje.com.br\/novoportal\/wp-content\/uploads\/2018\/11\/enem-1000x530.jpg\"><img loading=\"lazy\" decoding=\"async\" class=\"aligncenter size-medium wp-image-76282\" src=\"http:\/\/www.sudoestehoje.com.br\/novoportal\/wp-content\/uploads\/2018\/11\/enem-1000x530-500x265.jpg\" alt=\"\" width=\"500\" height=\"265\" srcset=\"https:\/\/www.sudoestehoje.com.br\/novoportal\/wp-content\/uploads\/2018\/11\/enem-1000x530-500x265.jpg 500w, https:\/\/www.sudoestehoje.com.br\/novoportal\/wp-content\/uploads\/2018\/11\/enem-1000x530-768x407.jpg 768w, https:\/\/www.sudoestehoje.com.br\/novoportal\/wp-content\/uploads\/2018\/11\/enem-1000x530-700x371.jpg 700w, https:\/\/www.sudoestehoje.com.br\/novoportal\/wp-content\/uploads\/2018\/11\/enem-1000x530.jpg 1000w\" sizes=\"auto, (max-width: 500px) 100vw, 500px\" \/><\/a><\/p>\n<p>O domingo (4) ser\u00e1 o dia \u201cD\u201d para 5,5 milh\u00f5es de estudantes de v\u00e1rias partes do pa\u00eds. \u00c9 que todos eles v\u00e3o resolver a primeira etapa da prova do Enem -Exame Nacional do Ensino M\u00e9dio.<\/p>\n<p>Neste ano, o nervosismo, a ansiedade e a press\u00e3o, muito presentes entre os participantes, ganhou um outro componente: o hor\u00e1rio de ver\u00e3o.<\/p>\n<p>A partir de 0h de domingo, os rel\u00f3gios ter\u00e3o que ser adiantados em uma hora em dez estados, al\u00e9m do Distrito Federal.\u00a0A altera\u00e7\u00e3o vai gerar quatro hor\u00e1rios de fechamento de port\u00f5es nos locais de prova pelo pa\u00eds.<\/p>\n<p>Quando o rel\u00f3gio marcar 10h no Acre, 11h em Roraima, 12h em Mato Grosso e 13h em S\u00e3o Paulo, por exemplo, nenhum inscrito poder\u00e1 acessar os espa\u00e7os do exame. Na Bahia os port\u00f5es abrem \u00e0s 11h e fecham \u00e0s 12h.<\/p>\n","protected":false},"excerpt":{"rendered":"<p>O domingo (4) ser\u00e1 o dia \u201cD\u201d para 5,5 milh\u00f5es de estudantes de v\u00e1rias partes do pa\u00eds. \u00c9 que todos eles v\u00e3o resolver a primeira etapa da prova do Enem -Exame Nacional do Ensino M\u00e9dio. Neste ano, o nervosismo, a ansiedade e a press\u00e3o, muito presentes entre os participantes, ganhou um outro componente: o hor\u00e1rio [&hellip;]<\/p>\n","protected":false},"author":2,"featured_media":76282,"comment_status":"open","ping_status":"open","sticky":false,"template":"","format":"standard","meta":{"footnotes":"","_links_to":"","_links_to_target":""},"categories":[1],"tags":[],"class_list":["post-76281","post","type-post","status-publish","format-standard","has-post-thumbnail","hentry","category-geral"],"views":1067,"_links":{"self":[{"href":"https:\/\/www.sudoestehoje.com.br\/novoportal\/wp-json\/wp\/v2\/posts\/76281","targetHints":{"allow":["GET"]}}],"collection":[{"href":"https:\/\/www.sudoestehoje.com.br\/novoportal\/wp-json\/wp\/v2\/posts"}],"about":[{"href":"https:\/\/www.sudoestehoje.com.br\/novoportal\/wp-json\/wp\/v2\/types\/post"}],"author":[{"embeddable":true,"href":"https:\/\/www.sudoestehoje.com.br\/novoportal\/wp-json\/wp\/v2\/users\/2"}],"replies":[{"embeddable":true,"href":"https:\/\/www.sudoestehoje.com.br\/novoportal\/wp-json\/wp\/v2\/comments?post=76281"}],"version-history":[{"count":2,"href":"https:\/\/www.sudoestehoje.com.br\/novoportal\/wp-json\/wp\/v2\/posts\/76281\/revisions"}],"predecessor-version":[{"id":76284,"href":"https:\/\/www.sudoestehoje.com.br\/novoportal\/wp-json\/wp\/v2\/posts\/76281\/revisions\/76284"}],"wp:featuredmedia":[{"embeddable":true,"href":"https:\/\/www.sudoestehoje.com.br\/novoportal\/wp-json\/wp\/v2\/media\/76282"}],"wp:attachment":[{"href":"https:\/\/www.sudoestehoje.com.br\/novoportal\/wp-json\/wp\/v2\/media?parent=76281"}],"wp:term":[{"taxonomy":"category","embeddable":true,"href":"https:\/\/www.sudoestehoje.com.br\/novoportal\/wp-json\/wp\/v2\/categories?post=76281"},{"taxonomy":"post_tag","embeddable":true,"href":"https:\/\/www.sudoestehoje.com.br\/novoportal\/wp-json\/wp\/v2\/tags?post=76281"}],"curies":[{"name":"wp","href":"https:\/\/api.w.org\/{rel}","templated":true}]}}