
{"id":76227,"date":"2018-10-30T17:36:41","date_gmt":"2018-10-30T20:36:41","guid":{"rendered":"http:\/\/www.sudoestehoje.com.br\/novoportal\/?p=76227"},"modified":"2018-10-30T17:36:41","modified_gmt":"2018-10-30T20:36:41","slug":"petrobras-reduzira-precos-da-gasolina-em-620-nas-refinarias-cai-nos-postos","status":"publish","type":"post","link":"https:\/\/www.sudoestehoje.com.br\/novoportal\/2018\/10\/30\/petrobras-reduzira-precos-da-gasolina-em-620-nas-refinarias-cai-nos-postos\/","title":{"rendered":"PETROBRAS REDUZIR\u00c1 PRE\u00c7OS DA GASOLINA EM 6,20% NAS REFINARIAS; CAI NOS POSTOS?"},"content":{"rendered":"<p><a href=\"http:\/\/www.sudoestehoje.com.br\/novoportal\/wp-content\/uploads\/2018\/10\/brdistribuidora.jpg\"><img loading=\"lazy\" decoding=\"async\" class=\"aligncenter size-medium wp-image-76229\" src=\"http:\/\/www.sudoestehoje.com.br\/novoportal\/wp-content\/uploads\/2018\/10\/brdistribuidora-500x334.jpg\" alt=\"\" width=\"500\" height=\"334\" srcset=\"https:\/\/www.sudoestehoje.com.br\/novoportal\/wp-content\/uploads\/2018\/10\/brdistribuidora-500x334.jpg 500w, https:\/\/www.sudoestehoje.com.br\/novoportal\/wp-content\/uploads\/2018\/10\/brdistribuidora-768x513.jpg 768w, https:\/\/www.sudoestehoje.com.br\/novoportal\/wp-content\/uploads\/2018\/10\/brdistribuidora-700x467.jpg 700w, https:\/\/www.sudoestehoje.com.br\/novoportal\/wp-content\/uploads\/2018\/10\/brdistribuidora.jpg 876w\" sizes=\"auto, (max-width: 500px) 100vw, 500px\" \/><\/a><\/p>\n<p>A Petrobras\u00a0reduzir\u00e1 os pre\u00e7os da gasolina em 6,20 por cento nas refinarias a partir de quarta-feira, no maior corte percentual j\u00e1 anunciado pela estatal desde o in\u00edcio de sua sistem\u00e1tica de reajustes di\u00e1rios, em julho do ano passado.<\/p>\n<p>Com a altera\u00e7\u00e3o, o pre\u00e7o m\u00e9dio do produto nas refinarias cair\u00e1 para 1,8623 real por litro, conforme informa\u00e7\u00f5es no site da estatal.<\/p>\n<p>Ser\u00e1 que cai nas bombas dos postos?<\/p>\n","protected":false},"excerpt":{"rendered":"<p>A Petrobras\u00a0reduzir\u00e1 os pre\u00e7os da gasolina em 6,20 por cento nas refinarias a partir de quarta-feira, no maior corte percentual j\u00e1 anunciado pela estatal desde o in\u00edcio de sua sistem\u00e1tica de reajustes di\u00e1rios, em julho do ano passado. Com a altera\u00e7\u00e3o, o pre\u00e7o m\u00e9dio do produto nas refinarias cair\u00e1 para 1,8623 real por litro, conforme [&hellip;]<\/p>\n","protected":false},"author":2,"featured_media":76229,"comment_status":"open","ping_status":"open","sticky":false,"template":"","format":"standard","meta":{"footnotes":"","_links_to":"","_links_to_target":""},"categories":[1],"tags":[],"class_list":["post-76227","post","type-post","status-publish","format-standard","has-post-thumbnail","hentry","category-geral"],"views":1163,"_links":{"self":[{"href":"https:\/\/www.sudoestehoje.com.br\/novoportal\/wp-json\/wp\/v2\/posts\/76227","targetHints":{"allow":["GET"]}}],"collection":[{"href":"https:\/\/www.sudoestehoje.com.br\/novoportal\/wp-json\/wp\/v2\/posts"}],"about":[{"href":"https:\/\/www.sudoestehoje.com.br\/novoportal\/wp-json\/wp\/v2\/types\/post"}],"author":[{"embeddable":true,"href":"https:\/\/www.sudoestehoje.com.br\/novoportal\/wp-json\/wp\/v2\/users\/2"}],"replies":[{"embeddable":true,"href":"https:\/\/www.sudoestehoje.com.br\/novoportal\/wp-json\/wp\/v2\/comments?post=76227"}],"version-history":[{"count":3,"href":"https:\/\/www.sudoestehoje.com.br\/novoportal\/wp-json\/wp\/v2\/posts\/76227\/revisions"}],"predecessor-version":[{"id":76231,"href":"https:\/\/www.sudoestehoje.com.br\/novoportal\/wp-json\/wp\/v2\/posts\/76227\/revisions\/76231"}],"wp:featuredmedia":[{"embeddable":true,"href":"https:\/\/www.sudoestehoje.com.br\/novoportal\/wp-json\/wp\/v2\/media\/76229"}],"wp:attachment":[{"href":"https:\/\/www.sudoestehoje.com.br\/novoportal\/wp-json\/wp\/v2\/media?parent=76227"}],"wp:term":[{"taxonomy":"category","embeddable":true,"href":"https:\/\/www.sudoestehoje.com.br\/novoportal\/wp-json\/wp\/v2\/categories?post=76227"},{"taxonomy":"post_tag","embeddable":true,"href":"https:\/\/www.sudoestehoje.com.br\/novoportal\/wp-json\/wp\/v2\/tags?post=76227"}],"curies":[{"name":"wp","href":"https:\/\/api.w.org\/{rel}","templated":true}]}}