
{"id":76202,"date":"2018-10-29T19:18:17","date_gmt":"2018-10-29T22:18:17","guid":{"rendered":"http:\/\/www.sudoestehoje.com.br\/novoportal\/?p=76202"},"modified":"2018-10-29T19:58:11","modified_gmt":"2018-10-29T22:58:11","slug":"itapetinga-camara-de-vereadores-discute-projeto-do-codigo-tributario-em-audiencia-publica-nesta-terca","status":"publish","type":"post","link":"https:\/\/www.sudoestehoje.com.br\/novoportal\/2018\/10\/29\/itapetinga-camara-de-vereadores-discute-projeto-do-codigo-tributario-em-audiencia-publica-nesta-terca\/","title":{"rendered":"ITAPETINGA: C\u00c2MARA DE VEREADORES DISCUTE PROJETO DO C\u00d3DIGO TRIBUT\u00c1RIO EM AUDI\u00caNCIA P\u00daBLICA NESTA TER\u00c7A"},"content":{"rendered":"<p class=\"yiv8674998045MsoNormal\"><a href=\"http:\/\/www.sudoestehoje.com.br\/novoportal\/wp-content\/uploads\/2018\/10\/BANNER-2-MORADA-DO-PARQUE-2.jpg\"><img loading=\"lazy\" decoding=\"async\" class=\"aligncenter size-medium wp-image-76144\" src=\"http:\/\/www.sudoestehoje.com.br\/novoportal\/wp-content\/uploads\/2018\/10\/BANNER-2-MORADA-DO-PARQUE-2-500x130.jpg\" alt=\"\" width=\"500\" height=\"130\" srcset=\"https:\/\/www.sudoestehoje.com.br\/novoportal\/wp-content\/uploads\/2018\/10\/BANNER-2-MORADA-DO-PARQUE-2-500x130.jpg 500w, https:\/\/www.sudoestehoje.com.br\/novoportal\/wp-content\/uploads\/2018\/10\/BANNER-2-MORADA-DO-PARQUE-2-768x199.jpg 768w, https:\/\/www.sudoestehoje.com.br\/novoportal\/wp-content\/uploads\/2018\/10\/BANNER-2-MORADA-DO-PARQUE-2-700x182.jpg 700w, https:\/\/www.sudoestehoje.com.br\/novoportal\/wp-content\/uploads\/2018\/10\/BANNER-2-MORADA-DO-PARQUE-2.jpg 960w\" sizes=\"auto, (max-width: 500px) 100vw, 500px\" \/><\/a><\/p>\n<p class=\"yiv8674998045MsoNormal\"><a href=\"http:\/\/www.sudoestehoje.com.br\/novoportal\/wp-content\/uploads\/2018\/10\/Convite-1.jpg\"><img loading=\"lazy\" decoding=\"async\" class=\"aligncenter size-medium wp-image-76205\" src=\"http:\/\/www.sudoestehoje.com.br\/novoportal\/wp-content\/uploads\/2018\/10\/Convite-1-500x313.jpg\" alt=\"\" width=\"500\" height=\"313\" srcset=\"https:\/\/www.sudoestehoje.com.br\/novoportal\/wp-content\/uploads\/2018\/10\/Convite-1-500x313.jpg 500w, https:\/\/www.sudoestehoje.com.br\/novoportal\/wp-content\/uploads\/2018\/10\/Convite-1.jpg 640w\" sizes=\"auto, (max-width: 500px) 100vw, 500px\" \/><\/a><\/p>\n<p class=\"yiv8674998045MsoNormal\">Nesta ter\u00e7a-feira (30), \u00e0s 10 horas, a C\u00e2mara Municipal de Itapetinga realiza mais uma audi\u00eancia p\u00fablica para debater o Projeto de Lei N\u00ba 017\/18, que institui o Novo C\u00f3digo Tribut\u00e1rio e de Rendas do Munic\u00edpio. De iniciativa da Mesa Diretora da Casa Legislativa, uma sess\u00e3o especial tamb\u00e9m discutir\u00e1 o assunto na quarta-feira (31), \u00e0s 19 horas, no Plen\u00e1rio Ulysses Guimar\u00e3es.<\/p>\n<p class=\"yiv8674998045MsoNormal\">Toda a popula\u00e7\u00e3o est\u00e1 convidada a comparecer \u00e0 audi\u00eancia e apresentar sugest\u00f5es visando ao aperfei\u00e7oamento do projeto. Por meio de Edital de Convoca\u00e7\u00e3o, datado do dia 17 de outubro, o Presidente da C\u00e2mara de Vereadores, Eliomar Barreira (Tarug\u00e3o), convocou a sociedade de Itapetinga, distrito de Bandeira e povoado de Palmares para essas audi\u00eancias p\u00fablicas. A primeira delas ocorreu na semana passada. \/\/<em>Ascom<\/em><\/p>\n","protected":false},"excerpt":{"rendered":"<p>Nesta ter\u00e7a-feira (30), \u00e0s 10 horas, a C\u00e2mara Municipal de Itapetinga realiza mais uma audi\u00eancia p\u00fablica para debater o Projeto de Lei N\u00ba 017\/18, que institui o Novo C\u00f3digo Tribut\u00e1rio e de Rendas do Munic\u00edpio. De iniciativa da Mesa Diretora da Casa Legislativa, uma sess\u00e3o especial tamb\u00e9m discutir\u00e1 o assunto na quarta-feira (31), \u00e0s 19 [&hellip;]<\/p>\n","protected":false},"author":2,"featured_media":76205,"comment_status":"open","ping_status":"open","sticky":false,"template":"","format":"standard","meta":{"footnotes":"","_links_to":"","_links_to_target":""},"categories":[1],"tags":[],"class_list":["post-76202","post","type-post","status-publish","format-standard","has-post-thumbnail","hentry","category-geral"],"views":1018,"_links":{"self":[{"href":"https:\/\/www.sudoestehoje.com.br\/novoportal\/wp-json\/wp\/v2\/posts\/76202","targetHints":{"allow":["GET"]}}],"collection":[{"href":"https:\/\/www.sudoestehoje.com.br\/novoportal\/wp-json\/wp\/v2\/posts"}],"about":[{"href":"https:\/\/www.sudoestehoje.com.br\/novoportal\/wp-json\/wp\/v2\/types\/post"}],"author":[{"embeddable":true,"href":"https:\/\/www.sudoestehoje.com.br\/novoportal\/wp-json\/wp\/v2\/users\/2"}],"replies":[{"embeddable":true,"href":"https:\/\/www.sudoestehoje.com.br\/novoportal\/wp-json\/wp\/v2\/comments?post=76202"}],"version-history":[{"count":3,"href":"https:\/\/www.sudoestehoje.com.br\/novoportal\/wp-json\/wp\/v2\/posts\/76202\/revisions"}],"predecessor-version":[{"id":76207,"href":"https:\/\/www.sudoestehoje.com.br\/novoportal\/wp-json\/wp\/v2\/posts\/76202\/revisions\/76207"}],"wp:featuredmedia":[{"embeddable":true,"href":"https:\/\/www.sudoestehoje.com.br\/novoportal\/wp-json\/wp\/v2\/media\/76205"}],"wp:attachment":[{"href":"https:\/\/www.sudoestehoje.com.br\/novoportal\/wp-json\/wp\/v2\/media?parent=76202"}],"wp:term":[{"taxonomy":"category","embeddable":true,"href":"https:\/\/www.sudoestehoje.com.br\/novoportal\/wp-json\/wp\/v2\/categories?post=76202"},{"taxonomy":"post_tag","embeddable":true,"href":"https:\/\/www.sudoestehoje.com.br\/novoportal\/wp-json\/wp\/v2\/tags?post=76202"}],"curies":[{"name":"wp","href":"https:\/\/api.w.org\/{rel}","templated":true}]}}