
{"id":76164,"date":"2018-10-27T21:54:09","date_gmt":"2018-10-28T00:54:09","guid":{"rendered":"http:\/\/www.sudoestehoje.com.br\/novoportal\/?p=76164"},"modified":"2018-10-27T21:56:43","modified_gmt":"2018-10-28T00:56:43","slug":"moradores-do-centro-sul-da-bahia-relatam-tremores-de-terra-na-regiao","status":"publish","type":"post","link":"https:\/\/www.sudoestehoje.com.br\/novoportal\/2018\/10\/27\/moradores-do-centro-sul-da-bahia-relatam-tremores-de-terra-na-regiao\/","title":{"rendered":"MORADORES DO CENTRO SUL DA BAHIA RELATAM TREMORES DE TERRA NA REGI\u00c3O"},"content":{"rendered":"<div class=\"mc-column content-text active-extra-styles active-capital-letter\" data-block-type=\"unstyled\" data-block-weight=\"33\" data-block-id=\"2\">\n<p class=\"content-text__container theme-color-primary-first-letter\" data-track-category=\"Link no Texto\" data-track-links=\"\"><a href=\"http:\/\/www.sudoestehoje.com.br\/novoportal\/wp-content\/uploads\/2018\/10\/BANNER-2-MORADA-DO-PARQUE-2.jpg\"><img loading=\"lazy\" decoding=\"async\" class=\"aligncenter size-medium wp-image-76144\" src=\"http:\/\/www.sudoestehoje.com.br\/novoportal\/wp-content\/uploads\/2018\/10\/BANNER-2-MORADA-DO-PARQUE-2-500x130.jpg\" alt=\"\" width=\"500\" height=\"130\" srcset=\"https:\/\/www.sudoestehoje.com.br\/novoportal\/wp-content\/uploads\/2018\/10\/BANNER-2-MORADA-DO-PARQUE-2-500x130.jpg 500w, https:\/\/www.sudoestehoje.com.br\/novoportal\/wp-content\/uploads\/2018\/10\/BANNER-2-MORADA-DO-PARQUE-2-768x199.jpg 768w, https:\/\/www.sudoestehoje.com.br\/novoportal\/wp-content\/uploads\/2018\/10\/BANNER-2-MORADA-DO-PARQUE-2-700x182.jpg 700w, https:\/\/www.sudoestehoje.com.br\/novoportal\/wp-content\/uploads\/2018\/10\/BANNER-2-MORADA-DO-PARQUE-2.jpg 960w\" sizes=\"auto, (max-width: 500px) 100vw, 500px\" \/><\/a><\/p>\n<p class=\"content-text__container theme-color-primary-first-letter\" data-track-category=\"Link no Texto\" data-track-links=\"\"><a href=\"http:\/\/www.sudoestehoje.com.br\/novoportal\/wp-content\/uploads\/2018\/10\/S\u00c3O-MIGUEL.jpg\"><img loading=\"lazy\" decoding=\"async\" class=\"aligncenter size-medium wp-image-76165\" src=\"http:\/\/www.sudoestehoje.com.br\/novoportal\/wp-content\/uploads\/2018\/10\/S\u00c3O-MIGUEL-500x281.jpg\" alt=\"\" width=\"500\" height=\"281\" srcset=\"https:\/\/www.sudoestehoje.com.br\/novoportal\/wp-content\/uploads\/2018\/10\/S\u00c3O-MIGUEL-500x281.jpg 500w, https:\/\/www.sudoestehoje.com.br\/novoportal\/wp-content\/uploads\/2018\/10\/S\u00c3O-MIGUEL.jpg 615w\" sizes=\"auto, (max-width: 500px) 100vw, 500px\" \/><\/a><\/p>\n<p class=\"content-text__container theme-color-primary-first-letter\" data-track-category=\"Link no Texto\" data-track-links=\"\">Moradores de cidades da regi\u00e3o do Vale do Jiquiri\u00e7\u00e1, no centro sul da Bahia, relataram em redes sociais e aplicativos de mensagens, na manh\u00e3 deste s\u00e1bado (27), a ocorr\u00eancia de tremores de terra.<\/p>\n<\/div>\n<div class=\"mc-column content-text active-extra-styles \" data-block-type=\"unstyled\" data-block-weight=\"29\" data-block-id=\"3\">\n<p class=\"content-text__container \" data-track-category=\"Link no Texto\" data-track-links=\"\">De acordo com os relatos de populares, o \u00faltimo teria acontecido durante a madrugada, em Mutu\u00edpe. Os moradores contam que a terra tremeu por volta das 3h40 da madrugada.<\/p>\n<\/div>\n<div class=\"mc-column content-text active-extra-styles \" data-block-type=\"unstyled\" data-block-weight=\"36\" data-block-id=\"4\">\n<p class=\"content-text__container \" data-track-category=\"Link no Texto\" data-track-links=\"\">Pessoas das cidades de Laje, Uba\u00edra, S\u00e3o Miguel das Matas e Santo Ant\u00f4nio de Jesus disseram que, al\u00e9m de sentirem esses tremores, eles escutaram estrondos. Os moradores disseram ainda que desde quarta-feira (24) sentem os abalos.<\/p>\n<\/div>\n<div class=\"mc-column content-text active-extra-styles \" data-block-type=\"unstyled\" data-block-weight=\"26\" data-block-id=\"5\">\n<p class=\"content-text__container \" data-track-category=\"Link no Texto\" data-track-links=\"\">Moradora da cidade de Laje, Fabr\u00edcia Lima conta que dormia no momento do tremor. Ela acordou com o barulho alto e a vibra\u00e7\u00e3o dentro de casa.<\/p>\n<\/div>\n<div class=\"mc-column content-text active-extra-styles \" data-block-type=\"unstyled\" data-block-weight=\"94\" data-block-id=\"6\">\n<p class=\"content-text__container \" data-track-category=\"Link no Texto\" data-track-links=\"\">\u201cEu estava dormindo, a\u00ed acordei com a casa vibrando forte. Um barulho alto, parecendo que um avi\u00e3o estava pousando no teto da minha casa. A\u00ed o barulho foi aumentando cada vez mais, a casa vibrando. Peguei o celular para ver as horas e toda hora chegava mensagem, em alguns grupos, de pessoas de v\u00e1rios pontos da cidade, contando que os m\u00f3veis sa\u00edram do lugar. Pessoas que moravam em pontos mais altos falaram que o tremor foi pior. Durou mais ou menos at\u00e9 \u00e0s 4h. O barulho foi diminuindo at\u00e9 cessar\u201d, relatou ela ao\u00a0<strong>G1<\/strong>.<\/p>\n<\/div>\n<div class=\"mc-column content-text active-extra-styles \" data-block-type=\"unstyled\" data-block-weight=\"26\" data-block-id=\"7\">\n<p class=\"content-text__container \" data-track-category=\"Link no Texto\" data-track-links=\"\">O\u00a0<strong>G1<\/strong>\u00a0tentou falar com o Laborat\u00f3rio Sismol\u00f3gico da Universidade Federal do Rio Grande do Norte, que possui o sism\u00f3grafo mais pr\u00f3ximo, mas n\u00e3o obteve contato.<\/p>\n<\/div>\n<div data-track-category=\"fim do conteudo\" data-track-action=\"ultimo chunk conteudo\" data-track-noninteraction=\"false\" data-track-scroll=\"entrada completa viewport\"><\/div>\n","protected":false},"excerpt":{"rendered":"<p>Moradores de cidades da regi\u00e3o do Vale do Jiquiri\u00e7\u00e1, no centro sul da Bahia, relataram em redes sociais e aplicativos de mensagens, na manh\u00e3 deste s\u00e1bado (27), a ocorr\u00eancia de tremores de terra. De acordo com os relatos de populares, o \u00faltimo teria acontecido durante a madrugada, em Mutu\u00edpe. Os moradores contam que a terra [&hellip;]<\/p>\n","protected":false},"author":2,"featured_media":76166,"comment_status":"open","ping_status":"open","sticky":false,"template":"","format":"standard","meta":{"footnotes":"","_links_to":"","_links_to_target":""},"categories":[1],"tags":[],"class_list":["post-76164","post","type-post","status-publish","format-standard","has-post-thumbnail","hentry","category-geral"],"views":1111,"_links":{"self":[{"href":"https:\/\/www.sudoestehoje.com.br\/novoportal\/wp-json\/wp\/v2\/posts\/76164","targetHints":{"allow":["GET"]}}],"collection":[{"href":"https:\/\/www.sudoestehoje.com.br\/novoportal\/wp-json\/wp\/v2\/posts"}],"about":[{"href":"https:\/\/www.sudoestehoje.com.br\/novoportal\/wp-json\/wp\/v2\/types\/post"}],"author":[{"embeddable":true,"href":"https:\/\/www.sudoestehoje.com.br\/novoportal\/wp-json\/wp\/v2\/users\/2"}],"replies":[{"embeddable":true,"href":"https:\/\/www.sudoestehoje.com.br\/novoportal\/wp-json\/wp\/v2\/comments?post=76164"}],"version-history":[{"count":3,"href":"https:\/\/www.sudoestehoje.com.br\/novoportal\/wp-json\/wp\/v2\/posts\/76164\/revisions"}],"predecessor-version":[{"id":76169,"href":"https:\/\/www.sudoestehoje.com.br\/novoportal\/wp-json\/wp\/v2\/posts\/76164\/revisions\/76169"}],"wp:featuredmedia":[{"embeddable":true,"href":"https:\/\/www.sudoestehoje.com.br\/novoportal\/wp-json\/wp\/v2\/media\/76166"}],"wp:attachment":[{"href":"https:\/\/www.sudoestehoje.com.br\/novoportal\/wp-json\/wp\/v2\/media?parent=76164"}],"wp:term":[{"taxonomy":"category","embeddable":true,"href":"https:\/\/www.sudoestehoje.com.br\/novoportal\/wp-json\/wp\/v2\/categories?post=76164"},{"taxonomy":"post_tag","embeddable":true,"href":"https:\/\/www.sudoestehoje.com.br\/novoportal\/wp-json\/wp\/v2\/tags?post=76164"}],"curies":[{"name":"wp","href":"https:\/\/api.w.org\/{rel}","templated":true}]}}