
{"id":7616,"date":"2011-08-17T20:21:44","date_gmt":"2011-08-17T23:21:44","guid":{"rendered":"http:\/\/www.sudoestehoje.com.br\/novoportal\/?p=7616"},"modified":"2011-08-17T20:22:15","modified_gmt":"2011-08-17T23:22:15","slug":"ministro-da-agricultura-acaba-de-pedir-demissao","status":"publish","type":"post","link":"https:\/\/www.sudoestehoje.com.br\/novoportal\/2011\/08\/17\/ministro-da-agricultura-acaba-de-pedir-demissao\/","title":{"rendered":"MINISTRO DA AGRICULTURA ACABA DE PEDIR DEMISS\u00c3O"},"content":{"rendered":"<p style=\"text-align: center;\"><img decoding=\"async\" class=\"aligncenter\" src=\"http:\/\/cadernetabrasil.com\/wp-content\/uploads\/2011\/08\/Ministro-da-Agricultura.jpg\" alt=\"\" width=\"500\" \/><\/p>\n<p style=\"text-align: center;\"><em><strong>Ministro sai do governo debaixo de s\u00e9rias den\u00fancias de corrup\u00e7\u00e3o<\/strong><\/em><\/p>\n<p>O ministro da Agricultura, Wagner Rossi,\u00a0pediu demiss\u00e3o na noite desta quarta-feira (17), ap\u00f3s semanas consecutivas de den\u00fancias de irregularidades na pasta, de acordo com informa\u00e7\u00f5es do G1. A carta de demiss\u00e3o foi publicada no site do minist\u00e9rio. No texto, o ministro agradeceu a &#8220;confian\u00e7a&#8221; que recebeu da presidente Dilma Rousseff e classificou\u00a0como &#8220;mentiras&#8221; as den\u00fancias recebidas contra ele. &#8220;Minha fam\u00edlia \u00e9 meu limite. Aos amigos tudo, menos a honra&#8221;, afirmou. Na carta, Rossi relaciona as medidas e a\u00e7\u00f5es que adotou no minist\u00e9rio, mas ressalvou que durante\u00a0o \u00faltimo m\u00eas\u00a0enfrentou &#8220;uma saraivada de acusa\u00e7\u00f5es falsas, sem qualquer prova, nenhuma delas indicando um s\u00f3 ato meu que pudesse ser acoimado de ilegal ou impr\u00f3prio no trato com a coisa p\u00fablica&#8221;.<\/p>\n","protected":false},"excerpt":{"rendered":"<p>Ministro sai do governo debaixo de s\u00e9rias den\u00fancias de corrup\u00e7\u00e3o O ministro da Agricultura, Wagner Rossi,\u00a0pediu demiss\u00e3o na noite desta quarta-feira (17), ap\u00f3s semanas consecutivas de den\u00fancias de irregularidades na pasta, de acordo com informa\u00e7\u00f5es do G1. A carta de demiss\u00e3o foi publicada no site do minist\u00e9rio. No texto, o ministro agradeceu a &#8220;confian\u00e7a&#8221; que [&hellip;]<\/p>\n","protected":false},"author":2,"featured_media":0,"comment_status":"open","ping_status":"open","sticky":false,"template":"","format":"standard","meta":{"footnotes":"","_links_to":"","_links_to_target":""},"categories":[1],"tags":[],"class_list":["post-7616","post","type-post","status-publish","format-standard","hentry","category-geral"],"views":1070,"_links":{"self":[{"href":"https:\/\/www.sudoestehoje.com.br\/novoportal\/wp-json\/wp\/v2\/posts\/7616","targetHints":{"allow":["GET"]}}],"collection":[{"href":"https:\/\/www.sudoestehoje.com.br\/novoportal\/wp-json\/wp\/v2\/posts"}],"about":[{"href":"https:\/\/www.sudoestehoje.com.br\/novoportal\/wp-json\/wp\/v2\/types\/post"}],"author":[{"embeddable":true,"href":"https:\/\/www.sudoestehoje.com.br\/novoportal\/wp-json\/wp\/v2\/users\/2"}],"replies":[{"embeddable":true,"href":"https:\/\/www.sudoestehoje.com.br\/novoportal\/wp-json\/wp\/v2\/comments?post=7616"}],"version-history":[{"count":4,"href":"https:\/\/www.sudoestehoje.com.br\/novoportal\/wp-json\/wp\/v2\/posts\/7616\/revisions"}],"predecessor-version":[{"id":7620,"href":"https:\/\/www.sudoestehoje.com.br\/novoportal\/wp-json\/wp\/v2\/posts\/7616\/revisions\/7620"}],"wp:attachment":[{"href":"https:\/\/www.sudoestehoje.com.br\/novoportal\/wp-json\/wp\/v2\/media?parent=7616"}],"wp:term":[{"taxonomy":"category","embeddable":true,"href":"https:\/\/www.sudoestehoje.com.br\/novoportal\/wp-json\/wp\/v2\/categories?post=7616"},{"taxonomy":"post_tag","embeddable":true,"href":"https:\/\/www.sudoestehoje.com.br\/novoportal\/wp-json\/wp\/v2\/tags?post=7616"}],"curies":[{"name":"wp","href":"https:\/\/api.w.org\/{rel}","templated":true}]}}