
{"id":76132,"date":"2018-10-26T19:14:55","date_gmt":"2018-10-26T22:14:55","guid":{"rendered":"http:\/\/www.sudoestehoje.com.br\/novoportal\/?p=76132"},"modified":"2018-10-26T19:15:34","modified_gmt":"2018-10-26T22:15:34","slug":"bahia-e-o-estado-onde-a-miseria-cresceu-mais-rapido-nos-ultimos-4-anos","status":"publish","type":"post","link":"https:\/\/www.sudoestehoje.com.br\/novoportal\/2018\/10\/26\/bahia-e-o-estado-onde-a-miseria-cresceu-mais-rapido-nos-ultimos-4-anos\/","title":{"rendered":"BAHIA \u00c9 O ESTADO ONDE A MIS\u00c9RIA CRESCEU MAIS R\u00c1PIDO NOS \u00daLTIMOS 4 ANOS"},"content":{"rendered":"<p><a href=\"http:\/\/www.sudoestehoje.com.br\/novoportal\/wp-content\/uploads\/2018\/10\/BANNER-2-MORADA-DO-PARQUE-1.jpg\"><img loading=\"lazy\" decoding=\"async\" class=\"aligncenter size-medium wp-image-76006\" src=\"http:\/\/www.sudoestehoje.com.br\/novoportal\/wp-content\/uploads\/2018\/10\/BANNER-2-MORADA-DO-PARQUE-1-500x130.jpg\" alt=\"\" width=\"500\" height=\"130\" srcset=\"https:\/\/www.sudoestehoje.com.br\/novoportal\/wp-content\/uploads\/2018\/10\/BANNER-2-MORADA-DO-PARQUE-1-500x130.jpg 500w, https:\/\/www.sudoestehoje.com.br\/novoportal\/wp-content\/uploads\/2018\/10\/BANNER-2-MORADA-DO-PARQUE-1-768x199.jpg 768w, https:\/\/www.sudoestehoje.com.br\/novoportal\/wp-content\/uploads\/2018\/10\/BANNER-2-MORADA-DO-PARQUE-1-700x182.jpg 700w, https:\/\/www.sudoestehoje.com.br\/novoportal\/wp-content\/uploads\/2018\/10\/BANNER-2-MORADA-DO-PARQUE-1.jpg 960w\" sizes=\"auto, (max-width: 500px) 100vw, 500px\" \/><\/a><\/p>\n<p><a href=\"http:\/\/www.sudoestehoje.com.br\/novoportal\/wp-content\/uploads\/2018\/10\/BAHIA-POBRE.jpg\"><img loading=\"lazy\" decoding=\"async\" class=\"aligncenter size-medium wp-image-76133\" src=\"http:\/\/www.sudoestehoje.com.br\/novoportal\/wp-content\/uploads\/2018\/10\/BAHIA-POBRE-500x328.jpg\" alt=\"\" width=\"500\" height=\"328\" srcset=\"https:\/\/www.sudoestehoje.com.br\/novoportal\/wp-content\/uploads\/2018\/10\/BAHIA-POBRE-500x328.jpg 500w, https:\/\/www.sudoestehoje.com.br\/novoportal\/wp-content\/uploads\/2018\/10\/BAHIA-POBRE-768x504.jpg 768w, https:\/\/www.sudoestehoje.com.br\/novoportal\/wp-content\/uploads\/2018\/10\/BAHIA-POBRE-700x459.jpg 700w, https:\/\/www.sudoestehoje.com.br\/novoportal\/wp-content\/uploads\/2018\/10\/BAHIA-POBRE.jpg 1600w\" sizes=\"auto, (max-width: 500px) 100vw, 500px\" \/><\/a><\/p>\n<p>A Bahia \u00e9 o estado em que a mis\u00e9ria teve o crescimento mais r\u00e1pido nos \u00faltimos quatro anos. De acordo com um levantamento feito pela consultoria Tend\u00eancias, divulgado pelo Valor Econ\u00f4mico, a propor\u00e7\u00e3o de fam\u00edlias dobrou em quatro anos, de 4,8% em 2014 para 9,8% em 2017. Com isso, o estado, que tem a maior popula\u00e7\u00e3o do Nordeste e a quarta maior do pa\u00eds, pulou da 12\u00aa para a terceira posi\u00e7\u00e3o no ranking.<\/p>\n<p>De acordo com o Relat\u00f3rio de Informa\u00e7\u00f5es sociais do governo federal, na Bahia, 2.983.015 fam\u00edlias estavam inscritas no Cadastro \u00danico do Bolsa Fam\u00edlia em agosto de 2018. Desse total, 1.801.185 delas tem renda per capita familiar de at\u00e9 R$ 85.<\/p>\n<p>Em todo o Brasil, a extrema pobreza cresceu durante a crise. Por\u00e9m, foi na regi\u00e3o Nordeste que essa piora foi mais intensa. Al\u00e9m da Bahia, estados como Piau\u00ed e Sergipe viram dobrar ou quase dobrar o n\u00famero de fam\u00edlias vivendo na mis\u00e9ria. Na regi\u00e3o Norte, o Acre foi o estado que teve a piora mais r\u00e1pida nesses quatro anos.<\/p>\n","protected":false},"excerpt":{"rendered":"<p>A Bahia \u00e9 o estado em que a mis\u00e9ria teve o crescimento mais r\u00e1pido nos \u00faltimos quatro anos. De acordo com um levantamento feito pela consultoria Tend\u00eancias, divulgado pelo Valor Econ\u00f4mico, a propor\u00e7\u00e3o de fam\u00edlias dobrou em quatro anos, de 4,8% em 2014 para 9,8% em 2017. Com isso, o estado, que tem a maior [&hellip;]<\/p>\n","protected":false},"author":2,"featured_media":76133,"comment_status":"open","ping_status":"open","sticky":false,"template":"","format":"standard","meta":{"footnotes":"","_links_to":"","_links_to_target":""},"categories":[1],"tags":[],"class_list":["post-76132","post","type-post","status-publish","format-standard","has-post-thumbnail","hentry","category-geral"],"views":1164,"_links":{"self":[{"href":"https:\/\/www.sudoestehoje.com.br\/novoportal\/wp-json\/wp\/v2\/posts\/76132","targetHints":{"allow":["GET"]}}],"collection":[{"href":"https:\/\/www.sudoestehoje.com.br\/novoportal\/wp-json\/wp\/v2\/posts"}],"about":[{"href":"https:\/\/www.sudoestehoje.com.br\/novoportal\/wp-json\/wp\/v2\/types\/post"}],"author":[{"embeddable":true,"href":"https:\/\/www.sudoestehoje.com.br\/novoportal\/wp-json\/wp\/v2\/users\/2"}],"replies":[{"embeddable":true,"href":"https:\/\/www.sudoestehoje.com.br\/novoportal\/wp-json\/wp\/v2\/comments?post=76132"}],"version-history":[{"count":2,"href":"https:\/\/www.sudoestehoje.com.br\/novoportal\/wp-json\/wp\/v2\/posts\/76132\/revisions"}],"predecessor-version":[{"id":76135,"href":"https:\/\/www.sudoestehoje.com.br\/novoportal\/wp-json\/wp\/v2\/posts\/76132\/revisions\/76135"}],"wp:featuredmedia":[{"embeddable":true,"href":"https:\/\/www.sudoestehoje.com.br\/novoportal\/wp-json\/wp\/v2\/media\/76133"}],"wp:attachment":[{"href":"https:\/\/www.sudoestehoje.com.br\/novoportal\/wp-json\/wp\/v2\/media?parent=76132"}],"wp:term":[{"taxonomy":"category","embeddable":true,"href":"https:\/\/www.sudoestehoje.com.br\/novoportal\/wp-json\/wp\/v2\/categories?post=76132"},{"taxonomy":"post_tag","embeddable":true,"href":"https:\/\/www.sudoestehoje.com.br\/novoportal\/wp-json\/wp\/v2\/tags?post=76132"}],"curies":[{"name":"wp","href":"https:\/\/api.w.org\/{rel}","templated":true}]}}