
{"id":7604,"date":"2011-08-17T12:55:23","date_gmt":"2011-08-17T15:55:23","guid":{"rendered":"http:\/\/www.sudoestehoje.com.br\/novoportal\/?p=7604"},"modified":"2011-08-17T12:59:46","modified_gmt":"2011-08-17T15:59:46","slug":"itapetinga-prefeito-promotor-e-policia-vao-combater-pirataria-e-camelos-no-comercio","status":"publish","type":"post","link":"https:\/\/www.sudoestehoje.com.br\/novoportal\/2011\/08\/17\/itapetinga-prefeito-promotor-e-policia-vao-combater-pirataria-e-camelos-no-comercio\/","title":{"rendered":"ITAPETINGA: PREFEITO, PROMOTOR E POL\u00cdCIA V\u00c3O COMBATER PIRATARIA E CAMEL\u00d4S NO COM\u00c9RCIO"},"content":{"rendered":"<p style=\"text-align: center;\"><img decoding=\"async\" class=\"aligncenter\" src=\"http:\/\/www.itapetinganamidia.com\/wp-content\/gallery\/reuniao-na-pmi\/mp-reuniao-23.jpg\" alt=\" \" width=\"500\" \/><\/p>\n<p style=\"text-align: center;\"><em><strong>Prefeito prometeu &#8216;solucionar&#8217; o problema dos ambulantes<\/strong><\/em><\/p>\n<p>ITAPETINGA: O Minist\u00e9rio P\u00fablico Estadual, representado pelo promotor Jos\u00e9 Junseira , reuniu-se na manh\u00e3 desta ter\u00e7a-feira (16), juntamente com o prefeito municipal, \u00a0Pol\u00edcia Militar e Pol\u00edcia Civil,\u00a0para tratar do com\u00e9rcio informal no centro de Itapetinga, atendendo a uma antiga queixa da CDL, que no m\u00eas de junho enviou of\u00edcio ao comandante da 8\u00aa CIPM, Major Serpa, pedindo provid\u00eancias contra a presen\u00e7a indesej\u00e1vel dos camel\u00f4s, no centro comercial da cidade. O of\u00edcio foi encaminhado ao Minist\u00e9rio P\u00fablico, que prop\u00f4s uma reuni\u00e3o com o chefe do Executivo Municipal e demais autoridades, com intuito de estabelecer compet\u00eancia e diretrizes no combate ao com\u00e9rcio informal (camel\u00f4s), no centro de Itapetinga.<\/p>\n<p>De acordo o promotor Junseira, o mercado informal n\u00e3o \u00e9 crime, mas comercializar produtos pirateados e falsificados sim.\u00a0Como o Minist\u00e9rio P\u00fablico foi provocado neste caso, o Promotor de Justi\u00e7a estabeleceu prazo de trinta (30) dias para o poder p\u00fablico e demais \u00f3rg\u00e3os envolvidos encontrarem uma forma de combater, em definitivo, esse tipo de atividade em Itapetinga.<\/p>\n<p>O prefeito Z\u00e9 Carlos se comprometeu em resolver o problema, disponibilizando um local para que os ambulantes se instalem de forma definitiva e &#8216;legalizada&#8217;. Quem decidir continuar na clandestinidade, comercializando produtos falsificados e pirateados no com\u00e9rcio de Itapetinga, sofrer\u00e1 san\u00e7\u00f5es penais, pois haver\u00e1 fiscaliza\u00e7\u00e3o por parte do Minist\u00e9rio P\u00fablico, Comutran, al\u00e9m de repress\u00e3o por parte das pol\u00edcias Civil e Militar.<\/p>\n<p>Se o Minist\u00e9rio P\u00fablico, o prefeito e os \u00f3rg\u00e3os de seguran\u00e7a atuarem com a mesma disposi\u00e7\u00e3o que tiveram em rela\u00e7\u00e3o ao cumprimento da Portaria 304, do Minist\u00e9rio da Agricultura, os nossos camel\u00f4s e piratas de plant\u00e3o podem dormir sossegados.<\/p>\n<p><em><strong>Da Reda\u00e7\u00e3o<\/strong><\/em><\/p>\n<p>Foto e informa\u00e7\u00f5es do <em>Itapetinga na M\u00eddia<\/em><\/p>\n","protected":false},"excerpt":{"rendered":"<p>Prefeito prometeu &#8216;solucionar&#8217; o problema dos ambulantes ITAPETINGA: O Minist\u00e9rio P\u00fablico Estadual, representado pelo promotor Jos\u00e9 Junseira , reuniu-se na manh\u00e3 desta ter\u00e7a-feira (16), juntamente com o prefeito municipal, \u00a0Pol\u00edcia Militar e Pol\u00edcia Civil,\u00a0para tratar do com\u00e9rcio informal no centro de Itapetinga, atendendo a uma antiga queixa da CDL, que no m\u00eas de junho enviou [&hellip;]<\/p>\n","protected":false},"author":2,"featured_media":0,"comment_status":"open","ping_status":"open","sticky":false,"template":"","format":"standard","meta":{"footnotes":"","_links_to":"","_links_to_target":""},"categories":[1],"tags":[],"class_list":["post-7604","post","type-post","status-publish","format-standard","hentry","category-geral"],"views":1352,"_links":{"self":[{"href":"https:\/\/www.sudoestehoje.com.br\/novoportal\/wp-json\/wp\/v2\/posts\/7604","targetHints":{"allow":["GET"]}}],"collection":[{"href":"https:\/\/www.sudoestehoje.com.br\/novoportal\/wp-json\/wp\/v2\/posts"}],"about":[{"href":"https:\/\/www.sudoestehoje.com.br\/novoportal\/wp-json\/wp\/v2\/types\/post"}],"author":[{"embeddable":true,"href":"https:\/\/www.sudoestehoje.com.br\/novoportal\/wp-json\/wp\/v2\/users\/2"}],"replies":[{"embeddable":true,"href":"https:\/\/www.sudoestehoje.com.br\/novoportal\/wp-json\/wp\/v2\/comments?post=7604"}],"version-history":[{"count":8,"href":"https:\/\/www.sudoestehoje.com.br\/novoportal\/wp-json\/wp\/v2\/posts\/7604\/revisions"}],"predecessor-version":[{"id":7610,"href":"https:\/\/www.sudoestehoje.com.br\/novoportal\/wp-json\/wp\/v2\/posts\/7604\/revisions\/7610"}],"wp:attachment":[{"href":"https:\/\/www.sudoestehoje.com.br\/novoportal\/wp-json\/wp\/v2\/media?parent=7604"}],"wp:term":[{"taxonomy":"category","embeddable":true,"href":"https:\/\/www.sudoestehoje.com.br\/novoportal\/wp-json\/wp\/v2\/categories?post=7604"},{"taxonomy":"post_tag","embeddable":true,"href":"https:\/\/www.sudoestehoje.com.br\/novoportal\/wp-json\/wp\/v2\/tags?post=7604"}],"curies":[{"name":"wp","href":"https:\/\/api.w.org\/{rel}","templated":true}]}}