
{"id":75951,"date":"2018-10-15T21:46:32","date_gmt":"2018-10-16T00:46:32","guid":{"rendered":"http:\/\/www.sudoestehoje.com.br\/novoportal\/?p=75951"},"modified":"2018-10-15T21:46:32","modified_gmt":"2018-10-16T00:46:32","slug":"governo-decide-manter-inicio-do-horario-de-verao-para-4-de-novembro","status":"publish","type":"post","link":"https:\/\/www.sudoestehoje.com.br\/novoportal\/2018\/10\/15\/governo-decide-manter-inicio-do-horario-de-verao-para-4-de-novembro\/","title":{"rendered":"GOVERNO DECIDE MANTER IN\u00cdCIO DO HOR\u00c1RIO DE VER\u00c3O PARA 4 DE NOVEMBRO"},"content":{"rendered":"<p><a href=\"http:\/\/www.sudoestehoje.com.br\/novoportal\/wp-content\/uploads\/2018\/10\/horario.jpg\"><img loading=\"lazy\" decoding=\"async\" class=\"aligncenter size-medium wp-image-75952\" src=\"http:\/\/www.sudoestehoje.com.br\/novoportal\/wp-content\/uploads\/2018\/10\/horario-500x262.jpg\" alt=\"\" width=\"500\" height=\"262\" srcset=\"https:\/\/www.sudoestehoje.com.br\/novoportal\/wp-content\/uploads\/2018\/10\/horario-500x262.jpg 500w, https:\/\/www.sudoestehoje.com.br\/novoportal\/wp-content\/uploads\/2018\/10\/horario-768x403.jpg 768w, https:\/\/www.sudoestehoje.com.br\/novoportal\/wp-content\/uploads\/2018\/10\/horario-700x367.jpg 700w, https:\/\/www.sudoestehoje.com.br\/novoportal\/wp-content\/uploads\/2018\/10\/horario.jpg 1024w\" sizes=\"auto, (max-width: 500px) 100vw, 500px\" \/><\/a><\/p>\n<p>O governo federal informou nesta segunda-feira que n\u00e3o haver\u00e1 adiamento do in\u00edcio do\u00a0<strong>hor\u00e1rio de ver\u00e3o<\/strong>\u00a0. Com isso, a data do come\u00e7o do per\u00edodo est\u00e1 mantida para 4 de novembro.<\/p>\n<p>No in\u00edcio do m\u00eas, o Pal\u00e1cio do Planalto\u00a0chegou a comunicar a decis\u00e3o de adiar o in\u00edcio do hor\u00e1rio de ver\u00e3o para 18 de novembro\u00a0, a pedido do Minist\u00e9rio da Educa\u00e7\u00e3o. A inten\u00e7\u00e3o do minist\u00e9rio era evitar preju\u00edzos aos estudantes que far\u00e3o o Exame Nacional do Ensino M\u00e9dio (Enem), cuja primeira prova est\u00e1 marcada para 4 de novembro. A segunda prova ser\u00e1 no domingo seguinte (11).<\/p>\n<p>Um dos motivos alegados pelo governo \u00e9 manter hor\u00e1rio de ver\u00e3o em 4 de novembro \u00e9 a \u201cseguran\u00e7a jur\u00eddica\u201d, em raz\u00e3o de decreto presidencial j\u00e1 publicado, que determina o in\u00edcio do per\u00edodo em 4 de novembro. Outro motivo foi a reclama\u00e7\u00e3o de empresas \u00e1reas.<\/p>\n","protected":false},"excerpt":{"rendered":"<p>O governo federal informou nesta segunda-feira que n\u00e3o haver\u00e1 adiamento do in\u00edcio do\u00a0hor\u00e1rio de ver\u00e3o\u00a0. Com isso, a data do come\u00e7o do per\u00edodo est\u00e1 mantida para 4 de novembro. No in\u00edcio do m\u00eas, o Pal\u00e1cio do Planalto\u00a0chegou a comunicar a decis\u00e3o de adiar o in\u00edcio do hor\u00e1rio de ver\u00e3o para 18 de novembro\u00a0, a pedido [&hellip;]<\/p>\n","protected":false},"author":2,"featured_media":75952,"comment_status":"open","ping_status":"open","sticky":false,"template":"","format":"standard","meta":{"footnotes":"","_links_to":"","_links_to_target":""},"categories":[1],"tags":[],"class_list":["post-75951","post","type-post","status-publish","format-standard","has-post-thumbnail","hentry","category-geral"],"views":930,"_links":{"self":[{"href":"https:\/\/www.sudoestehoje.com.br\/novoportal\/wp-json\/wp\/v2\/posts\/75951","targetHints":{"allow":["GET"]}}],"collection":[{"href":"https:\/\/www.sudoestehoje.com.br\/novoportal\/wp-json\/wp\/v2\/posts"}],"about":[{"href":"https:\/\/www.sudoestehoje.com.br\/novoportal\/wp-json\/wp\/v2\/types\/post"}],"author":[{"embeddable":true,"href":"https:\/\/www.sudoestehoje.com.br\/novoportal\/wp-json\/wp\/v2\/users\/2"}],"replies":[{"embeddable":true,"href":"https:\/\/www.sudoestehoje.com.br\/novoportal\/wp-json\/wp\/v2\/comments?post=75951"}],"version-history":[{"count":1,"href":"https:\/\/www.sudoestehoje.com.br\/novoportal\/wp-json\/wp\/v2\/posts\/75951\/revisions"}],"predecessor-version":[{"id":75953,"href":"https:\/\/www.sudoestehoje.com.br\/novoportal\/wp-json\/wp\/v2\/posts\/75951\/revisions\/75953"}],"wp:featuredmedia":[{"embeddable":true,"href":"https:\/\/www.sudoestehoje.com.br\/novoportal\/wp-json\/wp\/v2\/media\/75952"}],"wp:attachment":[{"href":"https:\/\/www.sudoestehoje.com.br\/novoportal\/wp-json\/wp\/v2\/media?parent=75951"}],"wp:term":[{"taxonomy":"category","embeddable":true,"href":"https:\/\/www.sudoestehoje.com.br\/novoportal\/wp-json\/wp\/v2\/categories?post=75951"},{"taxonomy":"post_tag","embeddable":true,"href":"https:\/\/www.sudoestehoje.com.br\/novoportal\/wp-json\/wp\/v2\/tags?post=75951"}],"curies":[{"name":"wp","href":"https:\/\/api.w.org\/{rel}","templated":true}]}}