
{"id":75853,"date":"2018-10-09T19:35:24","date_gmt":"2018-10-09T22:35:24","guid":{"rendered":"http:\/\/www.sudoestehoje.com.br\/novoportal\/?p=75853"},"modified":"2018-10-09T19:43:55","modified_gmt":"2018-10-09T22:43:55","slug":"itapetinga-geraldo-trindade-lamenta-derrota-do-deputado-jose-carlos-aleluia","status":"publish","type":"post","link":"https:\/\/www.sudoestehoje.com.br\/novoportal\/2018\/10\/09\/itapetinga-geraldo-trindade-lamenta-derrota-do-deputado-jose-carlos-aleluia\/","title":{"rendered":"ITAPETINGA: GERALDO TRINDADE LAMENTA DERROTA DO DEPUTADO JOS\u00c9 CARLOS ALELUIA"},"content":{"rendered":"<p style=\"background: white; margin: 0cm 0cm 4.5pt 0cm;\"><a href=\"http:\/\/www.sudoestehoje.com.br\/novoportal\/wp-content\/uploads\/2018\/10\/geraldo-e-aleluia.jpg\"><img loading=\"lazy\" decoding=\"async\" class=\"aligncenter size-medium wp-image-75855\" src=\"http:\/\/www.sudoestehoje.com.br\/novoportal\/wp-content\/uploads\/2018\/10\/geraldo-e-aleluia-500x375.jpg\" alt=\"\" width=\"500\" height=\"375\" srcset=\"https:\/\/www.sudoestehoje.com.br\/novoportal\/wp-content\/uploads\/2018\/10\/geraldo-e-aleluia-500x375.jpg 500w, https:\/\/www.sudoestehoje.com.br\/novoportal\/wp-content\/uploads\/2018\/10\/geraldo-e-aleluia-768x576.jpg 768w, https:\/\/www.sudoestehoje.com.br\/novoportal\/wp-content\/uploads\/2018\/10\/geraldo-e-aleluia-700x525.jpg 700w, https:\/\/www.sudoestehoje.com.br\/novoportal\/wp-content\/uploads\/2018\/10\/geraldo-e-aleluia.jpg 960w\" sizes=\"auto, (max-width: 500px) 100vw, 500px\" \/><\/a><\/p>\n<p style=\"background: white; margin: 0cm 0cm 4.5pt 0cm;\">Em sua p\u00e1gina no Facebook, o secret\u00e1rio municipal de educa\u00e7\u00e3o, Geraldo Trindade, lamentou a n\u00e3o reelei\u00e7\u00e3o do deputado federal Jos\u00e9 Carlos Aleluia, um dos mais atuantes da Bahia na C\u00e2mara Federal, e autor de in\u00fameras emendas parlamentares que beneficiaram Itapetinga, nas \u00e1reas de educa\u00e7\u00e3o, sa\u00fade e infraestrutura. Confira o desabafo de Geraldo Trindade, um dos apoiadores do deputado:<\/p>\n<p style=\"background: white; margin: 0cm 0cm 4.5pt 0cm;\"><em><span style=\"font-family: 'Arial','sans-serif'; color: #1d2129;\">&#8220;\u00c9 \u00f3bvio que o ambiente pol\u00edtico n\u00e3o \u00e9 terreno f\u00e9rtil para prolifera\u00e7\u00e3o de santos. Mas tamb\u00e9m n\u00e3o sou daqueles que demoniza a classe pol\u00edtica e coloca todos na vala comum da corrup\u00e7\u00e3o, inoper\u00e2ncia, aus\u00eancia e incompet\u00eancia.<\/span><\/em><\/p>\n<p style=\"background: white; margin: 0cm 0cm 4.5pt 0cm;\"><em><span style=\"font-family: 'Arial','sans-serif'; color: #1d2129;\">Na minha humilde opini\u00e3o a Bahia perde muito com a n\u00e3o reelei\u00e7\u00e3o do Deputado Jos\u00e9 Carlos Aleluia.<\/span><\/em><\/p>\n<p style=\"background: white; font-variant-ligatures: normal; font-variant-caps: normal; orphans: 2; text-align: start; widows: 2; -webkit-text-stroke-width: 0px; text-decoration-style: initial; text-decoration-color: initial; word-spacing: 0px; margin: 4.5pt 0cm .0001pt 0cm;\"><em><span style=\"font-family: 'Arial','sans-serif'; color: #1d2129;\">Conhe\u00e7o e convivo com Aleluia h\u00e1 v\u00e1rios anos, em \u00e9poca de elei\u00e7\u00e3o e fora dela e dessa forma posso externar a minha grande tristeza pela aus\u00eancia na C\u00e2mara Federal nos pr\u00f3ximos quatro anos de um dos deputados mais conceituados em todo o pa\u00eds.<\/span><\/em><\/p>\n<p style=\"background: white; margin: 4.5pt 0cm .0001pt 0cm;\"><em><span style=\"font-family: 'Arial','sans-serif'; color: #1d2129;\">Muito mais que um desabafo de amigo esse \u00e9 um registro de agradecimento de um cidad\u00e3o, por tudo que Jos\u00e9 Carlos Aleluia j\u00e1 fez como pol\u00edtico para o nosso Estado, para o Brasil e para Itapetinga&#8221;.<\/span><\/em><\/p>\n<p style=\"background: white; margin: 4.5pt 0cm .0001pt 0cm;\"><em><strong>Por Davi Ferraz<\/strong><\/em><\/p>\n","protected":false},"excerpt":{"rendered":"<p>Em sua p\u00e1gina no Facebook, o secret\u00e1rio municipal de educa\u00e7\u00e3o, Geraldo Trindade, lamentou a n\u00e3o reelei\u00e7\u00e3o do deputado federal Jos\u00e9 Carlos Aleluia, um dos mais atuantes da Bahia na C\u00e2mara Federal, e autor de in\u00fameras emendas parlamentares que beneficiaram Itapetinga, nas \u00e1reas de educa\u00e7\u00e3o, sa\u00fade e infraestrutura. Confira o desabafo de Geraldo Trindade, um dos [&hellip;]<\/p>\n","protected":false},"author":2,"featured_media":75855,"comment_status":"open","ping_status":"open","sticky":false,"template":"","format":"standard","meta":{"footnotes":"","_links_to":"","_links_to_target":""},"categories":[1],"tags":[],"class_list":["post-75853","post","type-post","status-publish","format-standard","has-post-thumbnail","hentry","category-geral"],"views":1369,"_links":{"self":[{"href":"https:\/\/www.sudoestehoje.com.br\/novoportal\/wp-json\/wp\/v2\/posts\/75853","targetHints":{"allow":["GET"]}}],"collection":[{"href":"https:\/\/www.sudoestehoje.com.br\/novoportal\/wp-json\/wp\/v2\/posts"}],"about":[{"href":"https:\/\/www.sudoestehoje.com.br\/novoportal\/wp-json\/wp\/v2\/types\/post"}],"author":[{"embeddable":true,"href":"https:\/\/www.sudoestehoje.com.br\/novoportal\/wp-json\/wp\/v2\/users\/2"}],"replies":[{"embeddable":true,"href":"https:\/\/www.sudoestehoje.com.br\/novoportal\/wp-json\/wp\/v2\/comments?post=75853"}],"version-history":[{"count":6,"href":"https:\/\/www.sudoestehoje.com.br\/novoportal\/wp-json\/wp\/v2\/posts\/75853\/revisions"}],"predecessor-version":[{"id":75860,"href":"https:\/\/www.sudoestehoje.com.br\/novoportal\/wp-json\/wp\/v2\/posts\/75853\/revisions\/75860"}],"wp:featuredmedia":[{"embeddable":true,"href":"https:\/\/www.sudoestehoje.com.br\/novoportal\/wp-json\/wp\/v2\/media\/75855"}],"wp:attachment":[{"href":"https:\/\/www.sudoestehoje.com.br\/novoportal\/wp-json\/wp\/v2\/media?parent=75853"}],"wp:term":[{"taxonomy":"category","embeddable":true,"href":"https:\/\/www.sudoestehoje.com.br\/novoportal\/wp-json\/wp\/v2\/categories?post=75853"},{"taxonomy":"post_tag","embeddable":true,"href":"https:\/\/www.sudoestehoje.com.br\/novoportal\/wp-json\/wp\/v2\/tags?post=75853"}],"curies":[{"name":"wp","href":"https:\/\/api.w.org\/{rel}","templated":true}]}}