
{"id":75848,"date":"2018-10-09T00:43:37","date_gmt":"2018-10-09T03:43:37","guid":{"rendered":"http:\/\/www.sudoestehoje.com.br\/novoportal\/?p=75848"},"modified":"2018-10-09T00:43:37","modified_gmt":"2018-10-09T03:43:37","slug":"confira-os-deputados-estaduais-e-federais-mais-votados-em-vitoria-da-conquista","status":"publish","type":"post","link":"https:\/\/www.sudoestehoje.com.br\/novoportal\/2018\/10\/09\/confira-os-deputados-estaduais-e-federais-mais-votados-em-vitoria-da-conquista\/","title":{"rendered":"CONFIRA OS DEPUTADOS ESTADUAIS E FEDERAIS MAIS VOTADOS EM VIT\u00d3RIA DA CONQUISTA"},"content":{"rendered":"<p><a href=\"http:\/\/www.sudoestehoje.com.br\/novoportal\/wp-content\/uploads\/2018\/10\/vitoria-da-conquista1.jpg\"><img loading=\"lazy\" decoding=\"async\" class=\"aligncenter size-medium wp-image-75849\" src=\"http:\/\/www.sudoestehoje.com.br\/novoportal\/wp-content\/uploads\/2018\/10\/vitoria-da-conquista1-500x332.jpg\" alt=\"\" width=\"500\" height=\"332\" srcset=\"https:\/\/www.sudoestehoje.com.br\/novoportal\/wp-content\/uploads\/2018\/10\/vitoria-da-conquista1-500x332.jpg 500w, https:\/\/www.sudoestehoje.com.br\/novoportal\/wp-content\/uploads\/2018\/10\/vitoria-da-conquista1.jpg 600w\" sizes=\"auto, (max-width: 500px) 100vw, 500px\" \/><\/a><\/p>\n<p><strong><em>Blog da Resenha Geral<\/em><\/strong><\/p>\n<p>As elei\u00e7\u00f5es de 2018 apresentaram n\u00fameros curioso na cidade de Vit\u00f3ria da Conquista que possui o 3\u00ba maior col\u00e9gio eleitoral da Bahia, com 246 mil eleitores.<\/p>\n<p>A surpresa foi a excelente vota\u00e7\u00e3o de David Salom\u00e3o (PRTB), que foi impulsionado pelo candidato Jair Bolsonaro (PSL), a presidente do Brasil.<\/p>\n<p>Confira a rela\u00e7\u00e3o dos 10 mais votados na disputa das 63 vagas na Assembleia Legislativa da Bahia:<\/p>\n<ul>\n<li class=\"list-item hover situation-5 hover-in\" data-cc=\"7\" data-ps=\"PT\" data-van=\"0\"><span class=\"row candidate-details\"><span class=\"list-item-name\">Z\u00e9 Raimundo (PT) \u2013<span class=\"list-item-entourage\">\u00a035.885 votos\u00a0<strong>(Eleito)<\/strong><\/span><\/span><\/span><\/li>\n<li class=\"list-item hover situation-0\" data-cc=\"7\" data-ps=\"DEM\" data-van=\"0\"><span class=\"row candidate-details\"><span class=\"list-item-name\">L\u00facia Rocha (DEM) \u2013<\/span><\/span><span class=\"row list-item-result\">\u00a0<span class=\"list-item-votes\">23.090<\/span><\/span><\/li>\n<li class=\"list-item hover situation-5\" data-cc=\"7\" data-ps=\"PC do B\" data-van=\"0\"><span class=\"row candidate-details\"><span class=\"list-item-name\">Fabr\u00edcio (<span class=\"list-item-entourage\">PCdoB<\/span><\/span><\/span><span class=\"row list-item-result\"><span class=\"list-item-percentage\">7) \u2013<\/span>\u00a0<\/span><span class=\"row list-item-result\"><span class=\"list-item-votes\">12.661<strong>\u00a0(Eleito)<\/strong><\/span><\/span><\/li>\n<li class=\"list-item hover situation-5\" data-cc=\"7\" data-ps=\"PSDB\" data-van=\"0\"><span class=\"row candidate-details\"><span class=\"list-item-name\">Marcel Moraes (PSDB) \u2013<\/span><\/span><span class=\"row list-item-result\">\u00a0<span class=\"list-item-votes\">9.277\u00a0<strong>(Eleito)<\/strong><\/span><\/span><\/li>\n<li class=\"list-item hover situation-0\" data-cc=\"7\" data-ps=\"PTC\" data-van=\"0\"><span class=\"row candidate-details\"><span class=\"list-item-name\">Dr. Jo\u00e3o Arag\u00e3o (<span class=\"list-item-entourage\">PTC) \u2013\u00a0<\/span><\/span><\/span><span class=\"row list-item-result\"><span class=\"list-item-votes\">7.693<\/span><\/span><\/li>\n<li class=\"list-item hover situation-0\" data-cc=\"7\" data-ps=\"MDB\" data-van=\"0\"><span class=\"row candidate-details\"><span class=\"list-item-name\">Gilmar Ferraz (MDB) \u2013<\/span><\/span><span class=\"row list-item-result\"><span class=\"list-item-votes\">4.743<\/span><\/span><\/li>\n<li class=\"list-item hover situation-0\" data-cc=\"7\" data-ps=\"DEM\" data-van=\"0\"><span class=\"row candidate-details\"><span class=\"list-item-name\">Alexandre Aleluia (DEM)-\u00a0<\/span><\/span><span class=\"row list-item-result\"><span class=\"list-item-votes\">2.535<\/span><\/span><\/li>\n<li class=\"list-item hover situation-5\" data-cc=\"7\" data-ps=\"PRB\" data-van=\"0\"><span class=\"row candidate-details\"><span class=\"list-item-name\">Jos\u00e9 de Arimateia (<span class=\"list-item-entourage\">PRB) \u2013\u00a0<\/span><\/span><\/span><span class=\"row list-item-result\"><span class=\"list-item-votes\">2.472\u00a0<strong>(Eleito)<\/strong><\/span><\/span><\/li>\n<li class=\"list-item hover situation-0\" data-cc=\"7\" data-ps=\"PSDB\" data-van=\"0\"><span class=\"row candidate-details\"><span class=\"list-item-name\">Esmeraldino Correia (PSDB) \u2013<\/span><\/span><span class=\"row list-item-result\">\u00a0<span class=\"list-item-votes\">2.347<\/span><\/span><\/li>\n<li class=\"list-item hover situation-0\" data-cc=\"7\" data-ps=\"PSDB\" data-van=\"0\"><span class=\"row candidate-details\"><span class=\"list-item-name\">Tiago Correia (<span class=\"list-item-entourage\">PSDB) \u2013<\/span><\/span><\/span><span class=\"row list-item-result\">\u00a0<span class=\"list-item-votes\">2.317<\/span><\/span><\/li>\n<\/ul>\n<p>Na sequ\u00eancia os 10 mais votados a C\u00e2mara Federal:<\/p>\n<ul class=\"list-view\" data-oc=\"m.c6\" data-cargo-nome=\"deputado-federal\" data-estado=\"BA\">\n<li class=\"list-item hover situation-5\" data-cc=\"6\" data-ps=\"PT\" data-van=\"0\"><span class=\"row candidate-details\"><span class=\"list-item-name\">Waldenor Pereira (PT) \u2013\u00a0<\/span><\/span><span class=\"row list-item-result\"><span class=\"list-item-votes\">33.881\u00a0<strong>(Eleito)<\/strong><\/span><\/span><\/li>\n<li class=\"list-item hover situation-0\" data-cc=\"6\" data-ps=\"PRTB\" data-van=\"0\"><span class=\"row candidate-details\"><span class=\"list-item-name\">David Salom\u00e3o (<span class=\"list-item-entourage\">PRTB) \u2013\u00a0<\/span><\/span><\/span><span class=\"row list-item-result\"><span class=\"list-item-votes\">23.221<\/span><\/span><\/li>\n<li class=\"list-item hover situation-0 hover-in\" data-cc=\"6\" data-ps=\"PHS\" data-van=\"0\"><span class=\"row candidate-details\"><span class=\"list-item-name\">Marcelo Melo (<span class=\"list-item-entourage\">PHS) \u2013 13.630<\/span><\/span><\/span><\/li>\n<li class=\"list-item hover situation-5\" data-cc=\"6\" data-ps=\"PT\" data-van=\"0\"><span class=\"row candidate-details\"><span class=\"list-item-name\">Jorge Solla (PT) \u2013<\/span><\/span><span class=\"row list-item-result\">\u00a0<span class=\"list-item-votes\">5.021\u00a0<strong>(Eleito)<\/strong><\/span><\/span><\/li>\n<li class=\"list-item hover situation-0\" data-cc=\"6\" data-ps=\"DEM\" data-van=\"0\"><span class=\"row candidate-details\"><span class=\"list-item-name\">Sheila Lemos (DEM) \u2013<\/span><\/span><span class=\"row list-item-result\">\u00a0<span class=\"list-item-votes\">4.525<\/span><\/span><\/li>\n<li class=\"list-item hover situation-5\" data-cc=\"6\" data-ps=\"PSDB\" data-van=\"0\"><span class=\"row candidate-details\"><span class=\"list-item-name\">Adolfo Viana (PSDB) \u2013<\/span><\/span><span class=\"row list-item-result\">\u00a0<span class=\"list-item-votes\">3.982<strong>\u00a0(Eleito)<\/strong><\/span><\/span><\/li>\n<li class=\"list-item hover situation-0\" data-cc=\"6\" data-ps=\"PHS\" data-van=\"0\"><span class=\"row candidate-details\"><span class=\"list-item-name\">C\u00e9sar Ferreira\u00a0 (<span class=\"list-item-entourage\">PHS) \u2013<\/span><\/span><\/span><span class=\"row list-item-result\">\u00a0<span class=\"list-item-votes\">3.745<\/span><\/span><\/li>\n<li class=\"list-item hover situation-5\" data-cc=\"6\" data-ps=\"PC do B\" data-van=\"0\"><span class=\"row candidate-details\"><span class=\"list-item-name\">Daniel ALmeida (<span class=\"list-item-entourage\">PCdoB) \u2013<\/span><\/span><\/span><span class=\"row list-item-result\">\u00a0<span class=\"list-item-votes\">3.647\u00a0<strong>(Eleito)<\/strong><\/span><\/span><\/li>\n<li class=\"list-item hover situation-0\" data-cc=\"6\" data-ps=\"PRB\" data-van=\"0\"><span class=\"row candidate-details\"><span class=\"list-item-name\">Tia Eron (<span class=\"list-item-entourage\">PRB) \u2013<\/span><\/span><\/span><span class=\"row list-item-result\">\u00a0<span class=\"list-item-votes\">2.838<\/span><\/span><\/li>\n<li class=\"list-item hover situation-5\" data-cc=\"6\" data-ps=\"PT\" data-van=\"0\"><span class=\"row candidate-details\"><span class=\"list-item-name\">Josias Gomes (<span class=\"list-item-entourage\">PT) \u2013\u00a0<\/span><\/span><\/span><span class=\"row list-item-result\"><span class=\"list-item-votes\">2.590\u00a0<strong>(Eleito)<\/strong><\/span><\/span><\/li>\n<\/ul>\n","protected":false},"excerpt":{"rendered":"<p>Blog da Resenha Geral As elei\u00e7\u00f5es de 2018 apresentaram n\u00fameros curioso na cidade de Vit\u00f3ria da Conquista que possui o 3\u00ba maior col\u00e9gio eleitoral da Bahia, com 246 mil eleitores. A surpresa foi a excelente vota\u00e7\u00e3o de David Salom\u00e3o (PRTB), que foi impulsionado pelo candidato Jair Bolsonaro (PSL), a presidente do Brasil. Confira a rela\u00e7\u00e3o [&hellip;]<\/p>\n","protected":false},"author":2,"featured_media":75849,"comment_status":"open","ping_status":"open","sticky":false,"template":"","format":"standard","meta":{"footnotes":"","_links_to":"","_links_to_target":""},"categories":[1],"tags":[],"class_list":["post-75848","post","type-post","status-publish","format-standard","has-post-thumbnail","hentry","category-geral"],"views":1507,"_links":{"self":[{"href":"https:\/\/www.sudoestehoje.com.br\/novoportal\/wp-json\/wp\/v2\/posts\/75848","targetHints":{"allow":["GET"]}}],"collection":[{"href":"https:\/\/www.sudoestehoje.com.br\/novoportal\/wp-json\/wp\/v2\/posts"}],"about":[{"href":"https:\/\/www.sudoestehoje.com.br\/novoportal\/wp-json\/wp\/v2\/types\/post"}],"author":[{"embeddable":true,"href":"https:\/\/www.sudoestehoje.com.br\/novoportal\/wp-json\/wp\/v2\/users\/2"}],"replies":[{"embeddable":true,"href":"https:\/\/www.sudoestehoje.com.br\/novoportal\/wp-json\/wp\/v2\/comments?post=75848"}],"version-history":[{"count":2,"href":"https:\/\/www.sudoestehoje.com.br\/novoportal\/wp-json\/wp\/v2\/posts\/75848\/revisions"}],"predecessor-version":[{"id":75851,"href":"https:\/\/www.sudoestehoje.com.br\/novoportal\/wp-json\/wp\/v2\/posts\/75848\/revisions\/75851"}],"wp:featuredmedia":[{"embeddable":true,"href":"https:\/\/www.sudoestehoje.com.br\/novoportal\/wp-json\/wp\/v2\/media\/75849"}],"wp:attachment":[{"href":"https:\/\/www.sudoestehoje.com.br\/novoportal\/wp-json\/wp\/v2\/media?parent=75848"}],"wp:term":[{"taxonomy":"category","embeddable":true,"href":"https:\/\/www.sudoestehoje.com.br\/novoportal\/wp-json\/wp\/v2\/categories?post=75848"},{"taxonomy":"post_tag","embeddable":true,"href":"https:\/\/www.sudoestehoje.com.br\/novoportal\/wp-json\/wp\/v2\/tags?post=75848"}],"curies":[{"name":"wp","href":"https:\/\/api.w.org\/{rel}","templated":true}]}}