
{"id":75836,"date":"2018-10-08T20:06:02","date_gmt":"2018-10-08T23:06:02","guid":{"rendered":"http:\/\/www.sudoestehoje.com.br\/novoportal\/?p=75836"},"modified":"2018-10-09T00:16:30","modified_gmt":"2018-10-09T03:16:30","slug":"saiba-quem-sao-os-deputados-federais-baianos-que-nao-conseguiram-se-reeleger","status":"publish","type":"post","link":"https:\/\/www.sudoestehoje.com.br\/novoportal\/2018\/10\/08\/saiba-quem-sao-os-deputados-federais-baianos-que-nao-conseguiram-se-reeleger\/","title":{"rendered":"SAIBA QUEM S\u00c3O OS DEPUTADOS FEDERAIS BAIANOS QUE N\u00c3O CONSEGUIRAM SE REELEGER"},"content":{"rendered":"<p><a href=\"http:\/\/www.sudoestehoje.com.br\/novoportal\/wp-content\/uploads\/2018\/10\/N\u00c3O-VENCERAM.jpg\"><img loading=\"lazy\" decoding=\"async\" class=\"aligncenter size-medium wp-image-75837\" src=\"http:\/\/www.sudoestehoje.com.br\/novoportal\/wp-content\/uploads\/2018\/10\/N\u00c3O-VENCERAM-500x300.jpg\" alt=\"\" width=\"500\" height=\"300\" srcset=\"https:\/\/www.sudoestehoje.com.br\/novoportal\/wp-content\/uploads\/2018\/10\/N\u00c3O-VENCERAM-500x300.jpg 500w, https:\/\/www.sudoestehoje.com.br\/novoportal\/wp-content\/uploads\/2018\/10\/N\u00c3O-VENCERAM.jpg 650w\" sizes=\"auto, (max-width: 500px) 100vw, 500px\" \/><\/a><\/p>\n<p>A elei\u00e7\u00e3o de 2018 ficou marcada por ter deixado diversos pol\u00edticos baianos tradicionais de fora da C\u00e2mara Federal. Enquanto alguns chegaram pela primeira vez, outros v\u00e3o precisar esperar quatro anos para tentar novamente.<\/p>\n<p>Paulo Magalh\u00e3es (PSD) teve quase 70 mil votos, mas n\u00e3o se elegeu, assim como Jos\u00e9 Carlos Aleluia (DEM) e Tia Eron (PRB). O ex-prefeito de Salvador, Antonio Imbassahy (PSDB), tamb\u00e9m ficou de fora, mesmo com 66 mil votos, assim como Jos\u00e9 Carlos Ara\u00fajo (PR), que ficou com pouco mais de 63 mil.<\/p>\n<p>Outro que ficou de fora foi Benito Gama (PTB), que teve cerca de 29 mil votos, e L\u00facio Vieira Lima, que ficou com 55 mil votos.<\/p>\n<p>Por outro lado, a bancada baiana ter\u00e1 novos nomes, como Dayane Pimentel (PSL) e Igor Kann\u00e1rio (PHS).<\/p>\n","protected":false},"excerpt":{"rendered":"<p>A elei\u00e7\u00e3o de 2018 ficou marcada por ter deixado diversos pol\u00edticos baianos tradicionais de fora da C\u00e2mara Federal. Enquanto alguns chegaram pela primeira vez, outros v\u00e3o precisar esperar quatro anos para tentar novamente. Paulo Magalh\u00e3es (PSD) teve quase 70 mil votos, mas n\u00e3o se elegeu, assim como Jos\u00e9 Carlos Aleluia (DEM) e Tia Eron (PRB). [&hellip;]<\/p>\n","protected":false},"author":2,"featured_media":75837,"comment_status":"open","ping_status":"open","sticky":false,"template":"","format":"standard","meta":{"footnotes":"","_links_to":"","_links_to_target":""},"categories":[1],"tags":[],"class_list":["post-75836","post","type-post","status-publish","format-standard","has-post-thumbnail","hentry","category-geral"],"views":1762,"_links":{"self":[{"href":"https:\/\/www.sudoestehoje.com.br\/novoportal\/wp-json\/wp\/v2\/posts\/75836","targetHints":{"allow":["GET"]}}],"collection":[{"href":"https:\/\/www.sudoestehoje.com.br\/novoportal\/wp-json\/wp\/v2\/posts"}],"about":[{"href":"https:\/\/www.sudoestehoje.com.br\/novoportal\/wp-json\/wp\/v2\/types\/post"}],"author":[{"embeddable":true,"href":"https:\/\/www.sudoestehoje.com.br\/novoportal\/wp-json\/wp\/v2\/users\/2"}],"replies":[{"embeddable":true,"href":"https:\/\/www.sudoestehoje.com.br\/novoportal\/wp-json\/wp\/v2\/comments?post=75836"}],"version-history":[{"count":2,"href":"https:\/\/www.sudoestehoje.com.br\/novoportal\/wp-json\/wp\/v2\/posts\/75836\/revisions"}],"predecessor-version":[{"id":75847,"href":"https:\/\/www.sudoestehoje.com.br\/novoportal\/wp-json\/wp\/v2\/posts\/75836\/revisions\/75847"}],"wp:featuredmedia":[{"embeddable":true,"href":"https:\/\/www.sudoestehoje.com.br\/novoportal\/wp-json\/wp\/v2\/media\/75837"}],"wp:attachment":[{"href":"https:\/\/www.sudoestehoje.com.br\/novoportal\/wp-json\/wp\/v2\/media?parent=75836"}],"wp:term":[{"taxonomy":"category","embeddable":true,"href":"https:\/\/www.sudoestehoje.com.br\/novoportal\/wp-json\/wp\/v2\/categories?post=75836"},{"taxonomy":"post_tag","embeddable":true,"href":"https:\/\/www.sudoestehoje.com.br\/novoportal\/wp-json\/wp\/v2\/tags?post=75836"}],"curies":[{"name":"wp","href":"https:\/\/api.w.org\/{rel}","templated":true}]}}