
{"id":75807,"date":"2018-10-07T23:36:47","date_gmt":"2018-10-08T02:36:47","guid":{"rendered":"http:\/\/www.sudoestehoje.com.br\/novoportal\/?p=75807"},"modified":"2018-10-08T01:36:26","modified_gmt":"2018-10-08T04:36:26","slug":"confira-lista-dos-deputados-federais-baianos-eleitos-e-os-que-ficam-de-fora","status":"publish","type":"post","link":"https:\/\/www.sudoestehoje.com.br\/novoportal\/2018\/10\/07\/confira-lista-dos-deputados-federais-baianos-eleitos-e-os-que-ficam-de-fora\/","title":{"rendered":"LISTA DOS DEPUTADOS FEDERAIS ELEITOS NA BAHIA"},"content":{"rendered":"<p><a href=\"http:\/\/www.sudoestehoje.com.br\/novoportal\/wp-content\/uploads\/2018\/10\/Camara-dos-Deputados-contrato-assinado.jpg\"><img loading=\"lazy\" decoding=\"async\" class=\"aligncenter size-medium wp-image-75811\" src=\"http:\/\/www.sudoestehoje.com.br\/novoportal\/wp-content\/uploads\/2018\/10\/Camara-dos-Deputados-contrato-assinado-500x328.jpg\" alt=\"\" width=\"500\" height=\"328\" srcset=\"https:\/\/www.sudoestehoje.com.br\/novoportal\/wp-content\/uploads\/2018\/10\/Camara-dos-Deputados-contrato-assinado-500x328.jpg 500w, https:\/\/www.sudoestehoje.com.br\/novoportal\/wp-content\/uploads\/2018\/10\/Camara-dos-Deputados-contrato-assinado.jpg 700w\" sizes=\"auto, (max-width: 500px) 100vw, 500px\" \/><\/a><\/p>\n<p>Com 14 novos integrantes a partir do pr\u00f3ximo ano, a bancada baiana na C\u00e2mara dos Deputados teve uma renova\u00e7\u00e3o de quase 36%.<\/p>\n<p>Com mais de 315 mil votos, o deputado estadual Pastor Sargento Isid\u00f3rio foi o mais votado do estado para a C\u00e2mara Federal.<\/p>\n<p>Confira abaixo a lista dos 39 deputados federais baianos da pr\u00f3xima legislatura:<\/p>\n<p>Pastor Sargento Isid\u00f3rio (Avante)<br \/>\nOtto Alencar Filho (PSD)<br \/>\nBacelar (Podemos)<br \/>\nProf. Dayane Pimentel (PSL)<br \/>\nJorge Solla (PT)<br \/>\nAlice Portugal (PCdoB)<br \/>\nAntonio Brito (PSD)<br \/>\nCaetano (PT)<br \/>\nAfonso Florence (PT)<br \/>\nRonaldo Carletto (PP)<br \/>\nWaldenor Pereira (PT)<br \/>\nJosias Gomes (PT)<br \/>\nZ\u00e9 Neto (PT)<br \/>\nValmir Assun\u00e7\u00e3o (PT)<br \/>\nMarcelo Nilo (PSB)<br \/>\nDaniel Almeida (PCdoB)<br \/>\nS\u00e9rgio Brito (PSD)<br \/>\nCac\u00e1 Le\u00e3o (PP)<br \/>\nPelegrino (PT)<br \/>\nL\u00eddice da Mata (PSB)<br \/>\nElmar (DEM)<br \/>\nAdolfo Viana (PSDB)<br \/>\nM\u00e1rio Negromonte Jr (PP)<br \/>\nM\u00e1rcio Marinho (PRB)<br \/>\nJos\u00e9 Nunes (PSD)<br \/>\nCl\u00e1udio Cajado (PP)<br \/>\nF\u00e9lix Mendon\u00e7a (PDT)<br \/>\nJo\u00e3o Roma (PRB)<br \/>\nJos\u00e9 Rocha (PR)<br \/>\nPaulo Azi (DEM)<br \/>\nArthur Maia (DEM)<br \/>\nJo\u00e3o Bacelar (PR)<br \/>\nLeur Lomanto Jr (DEM)<br \/>\nUldurico Jr (PPL)<br \/>\nAlex Santana (PDT)<br \/>\nIgor Kann\u00e1rio (PHS)<br \/>\nTito (Avante)<br \/>\nPastor Abilio Santana (PHS)<br \/>\nRaimundo Costa (PRP)<\/p>\n<figure id=\"attachment_123739\" class=\"wp-caption aligncenter\"><\/figure>\n<div class=\"filtros-resultado-busca\"><\/div>\n<div class=\"materia-conteudo\"><\/div>\n","protected":false},"excerpt":{"rendered":"<p>Com 14 novos integrantes a partir do pr\u00f3ximo ano, a bancada baiana na C\u00e2mara dos Deputados teve uma renova\u00e7\u00e3o de quase 36%. Com mais de 315 mil votos, o deputado estadual Pastor Sargento Isid\u00f3rio foi o mais votado do estado para a C\u00e2mara Federal. Confira abaixo a lista dos 39 deputados federais baianos da pr\u00f3xima [&hellip;]<\/p>\n","protected":false},"author":2,"featured_media":75811,"comment_status":"open","ping_status":"open","sticky":false,"template":"","format":"standard","meta":{"footnotes":"","_links_to":"","_links_to_target":""},"categories":[1],"tags":[],"class_list":["post-75807","post","type-post","status-publish","format-standard","has-post-thumbnail","hentry","category-geral"],"views":1363,"_links":{"self":[{"href":"https:\/\/www.sudoestehoje.com.br\/novoportal\/wp-json\/wp\/v2\/posts\/75807","targetHints":{"allow":["GET"]}}],"collection":[{"href":"https:\/\/www.sudoestehoje.com.br\/novoportal\/wp-json\/wp\/v2\/posts"}],"about":[{"href":"https:\/\/www.sudoestehoje.com.br\/novoportal\/wp-json\/wp\/v2\/types\/post"}],"author":[{"embeddable":true,"href":"https:\/\/www.sudoestehoje.com.br\/novoportal\/wp-json\/wp\/v2\/users\/2"}],"replies":[{"embeddable":true,"href":"https:\/\/www.sudoestehoje.com.br\/novoportal\/wp-json\/wp\/v2\/comments?post=75807"}],"version-history":[{"count":4,"href":"https:\/\/www.sudoestehoje.com.br\/novoportal\/wp-json\/wp\/v2\/posts\/75807\/revisions"}],"predecessor-version":[{"id":75821,"href":"https:\/\/www.sudoestehoje.com.br\/novoportal\/wp-json\/wp\/v2\/posts\/75807\/revisions\/75821"}],"wp:featuredmedia":[{"embeddable":true,"href":"https:\/\/www.sudoestehoje.com.br\/novoportal\/wp-json\/wp\/v2\/media\/75811"}],"wp:attachment":[{"href":"https:\/\/www.sudoestehoje.com.br\/novoportal\/wp-json\/wp\/v2\/media?parent=75807"}],"wp:term":[{"taxonomy":"category","embeddable":true,"href":"https:\/\/www.sudoestehoje.com.br\/novoportal\/wp-json\/wp\/v2\/categories?post=75807"},{"taxonomy":"post_tag","embeddable":true,"href":"https:\/\/www.sudoestehoje.com.br\/novoportal\/wp-json\/wp\/v2\/tags?post=75807"}],"curies":[{"name":"wp","href":"https:\/\/api.w.org\/{rel}","templated":true}]}}