
{"id":75729,"date":"2018-10-06T09:40:49","date_gmt":"2018-10-06T12:40:49","guid":{"rendered":"http:\/\/www.sudoestehoje.com.br\/novoportal\/?p=75729"},"modified":"2018-10-06T19:33:41","modified_gmt":"2018-10-06T22:33:41","slug":"conheca-seu-deputado-jose-carlos-aleluia-2","status":"publish","type":"post","link":"https:\/\/www.sudoestehoje.com.br\/novoportal\/2018\/10\/06\/conheca-seu-deputado-jose-carlos-aleluia-2\/","title":{"rendered":"CONHE\u00c7A SEU DEPUTADO: JOS\u00c9 CARLOS ALELUIA"},"content":{"rendered":"<p><strong>NESTA RETA FINAL DA CAMPANHA ELEITORAL, O BLOG PASSA A DIVULGAR INFORMA\u00c7\u00d5ES B\u00c1SICAS SOBRE OS CANDIDATOS A DEPUTADO FEDERAL E ESTADUAL COM APOIO EM ITAPETINGA E ALGUMAS CIDADES DA REGI\u00c3O, PARA MAIOR ESCLARECIMENTO DOS ELEITORES.<\/strong><\/p>\n<p><strong>DEPUTADO FEDERAL JOS\u00c9 CARLOS ALELUIA (DEM)<\/strong><\/p>\n<p><a href=\"http:\/\/www.sudoestehoje.com.br\/novoportal\/wp-content\/uploads\/2018\/10\/aleluia-5.jpg\"><img loading=\"lazy\" decoding=\"async\" class=\"aligncenter size-medium wp-image-75723\" src=\"http:\/\/www.sudoestehoje.com.br\/novoportal\/wp-content\/uploads\/2018\/10\/aleluia-5-500x281.jpg\" alt=\"\" width=\"500\" height=\"281\" srcset=\"https:\/\/www.sudoestehoje.com.br\/novoportal\/wp-content\/uploads\/2018\/10\/aleluia-5-500x281.jpg 500w, https:\/\/www.sudoestehoje.com.br\/novoportal\/wp-content\/uploads\/2018\/10\/aleluia-5-768x432.jpg 768w, https:\/\/www.sudoestehoje.com.br\/novoportal\/wp-content\/uploads\/2018\/10\/aleluia-5-700x394.jpg 700w, https:\/\/www.sudoestehoje.com.br\/novoportal\/wp-content\/uploads\/2018\/10\/aleluia-5.jpg 960w\" sizes=\"auto, (max-width: 500px) 100vw, 500px\" \/><\/a><\/p>\n<p>Considerado um dos 10 deputados mais influentes da C\u00e2mara Federal, Jos\u00e9 Carlos Aleluia tem uma carreira pol\u00edtica brilhante, atuando sempre em defesa dos interesses da Bahia, na esfera federal. \u00c9 o presidente do Democratas na Bahia, com forte liga\u00e7\u00e3o ao prefeito de Salvador, ACM Neto, presidente nacional do DEM.<\/p>\n<p>Em Itapetinga, Aleluia conta com o apoio integral dos membro do seu partido, sob a lideran\u00e7a do ex-prefeito Jos\u00e9 Ot\u00e1vio Curvelo, do vice-prefeito Renan Pereira, vereadores Fabiano Bahia, Naara Duarte e Anderson da Nova, al\u00e9m do secret\u00e1rio municipal de educa\u00e7\u00e3o, Geraldo Trindade.<\/p>\n<p>Somadas as emendas parlamentares e verbas federais diretas, Aleluia destinou para Itapetinga mais de R$ 8 milh\u00f5es de reais, para constru\u00e7\u00e3o de escolas, a\u00e7\u00f5es na sa\u00fade e outras atividades.<\/p>\n<p>De acordo com as avalia\u00e7\u00f5es pol\u00edticas no munic\u00edpio, Aleluia ser\u00e1 um dos campe\u00f5es de voto em Itapetinga, devendo se reeleger deputado federal, com vota\u00e7\u00e3o expressiva no estado.<\/p>\n<p><strong>Por Davi Ferraz\u00a0<\/strong><\/p>\n","protected":false},"excerpt":{"rendered":"<p>NESTA RETA FINAL DA CAMPANHA ELEITORAL, O BLOG PASSA A DIVULGAR INFORMA\u00c7\u00d5ES B\u00c1SICAS SOBRE OS CANDIDATOS A DEPUTADO FEDERAL E ESTADUAL COM APOIO EM ITAPETINGA E ALGUMAS CIDADES DA REGI\u00c3O, PARA MAIOR ESCLARECIMENTO DOS ELEITORES. DEPUTADO FEDERAL JOS\u00c9 CARLOS ALELUIA (DEM) Considerado um dos 10 deputados mais influentes da C\u00e2mara Federal, Jos\u00e9 Carlos Aleluia tem [&hellip;]<\/p>\n","protected":false},"author":2,"featured_media":75723,"comment_status":"open","ping_status":"open","sticky":false,"template":"","format":"standard","meta":{"footnotes":"","_links_to":"","_links_to_target":""},"categories":[1],"tags":[],"class_list":["post-75729","post","type-post","status-publish","format-standard","has-post-thumbnail","hentry","category-geral"],"views":1057,"_links":{"self":[{"href":"https:\/\/www.sudoestehoje.com.br\/novoportal\/wp-json\/wp\/v2\/posts\/75729","targetHints":{"allow":["GET"]}}],"collection":[{"href":"https:\/\/www.sudoestehoje.com.br\/novoportal\/wp-json\/wp\/v2\/posts"}],"about":[{"href":"https:\/\/www.sudoestehoje.com.br\/novoportal\/wp-json\/wp\/v2\/types\/post"}],"author":[{"embeddable":true,"href":"https:\/\/www.sudoestehoje.com.br\/novoportal\/wp-json\/wp\/v2\/users\/2"}],"replies":[{"embeddable":true,"href":"https:\/\/www.sudoestehoje.com.br\/novoportal\/wp-json\/wp\/v2\/comments?post=75729"}],"version-history":[{"count":1,"href":"https:\/\/www.sudoestehoje.com.br\/novoportal\/wp-json\/wp\/v2\/posts\/75729\/revisions"}],"predecessor-version":[{"id":75730,"href":"https:\/\/www.sudoestehoje.com.br\/novoportal\/wp-json\/wp\/v2\/posts\/75729\/revisions\/75730"}],"wp:featuredmedia":[{"embeddable":true,"href":"https:\/\/www.sudoestehoje.com.br\/novoportal\/wp-json\/wp\/v2\/media\/75723"}],"wp:attachment":[{"href":"https:\/\/www.sudoestehoje.com.br\/novoportal\/wp-json\/wp\/v2\/media?parent=75729"}],"wp:term":[{"taxonomy":"category","embeddable":true,"href":"https:\/\/www.sudoestehoje.com.br\/novoportal\/wp-json\/wp\/v2\/categories?post=75729"},{"taxonomy":"post_tag","embeddable":true,"href":"https:\/\/www.sudoestehoje.com.br\/novoportal\/wp-json\/wp\/v2\/tags?post=75729"}],"curies":[{"name":"wp","href":"https:\/\/api.w.org\/{rel}","templated":true}]}}