
{"id":75690,"date":"2018-10-04T22:51:03","date_gmt":"2018-10-05T01:51:03","guid":{"rendered":"http:\/\/www.sudoestehoje.com.br\/novoportal\/?p=75690"},"modified":"2018-10-04T22:51:03","modified_gmt":"2018-10-05T01:51:03","slug":"viacao-itapetinga-adere-ao-outubro-rosa","status":"publish","type":"post","link":"https:\/\/www.sudoestehoje.com.br\/novoportal\/2018\/10\/04\/viacao-itapetinga-adere-ao-outubro-rosa\/","title":{"rendered":"VIA\u00c7\u00c3O ITAPETINGA ADERE AO &#8216;OUTUBRO ROSA&#8217;"},"content":{"rendered":"<p><a href=\"http:\/\/www.sudoestehoje.com.br\/novoportal\/wp-content\/uploads\/2018\/10\/outubro-via\u00e7\u00e3o.jpg\"><img loading=\"lazy\" decoding=\"async\" class=\"aligncenter size-medium wp-image-75691\" src=\"http:\/\/www.sudoestehoje.com.br\/novoportal\/wp-content\/uploads\/2018\/10\/outubro-via\u00e7\u00e3o-500x328.jpg\" alt=\"\" width=\"500\" height=\"328\" srcset=\"https:\/\/www.sudoestehoje.com.br\/novoportal\/wp-content\/uploads\/2018\/10\/outubro-via\u00e7\u00e3o-500x328.jpg 500w, https:\/\/www.sudoestehoje.com.br\/novoportal\/wp-content\/uploads\/2018\/10\/outubro-via\u00e7\u00e3o-768x504.jpg 768w, https:\/\/www.sudoestehoje.com.br\/novoportal\/wp-content\/uploads\/2018\/10\/outubro-via\u00e7\u00e3o-700x459.jpg 700w, https:\/\/www.sudoestehoje.com.br\/novoportal\/wp-content\/uploads\/2018\/10\/outubro-via\u00e7\u00e3o.jpg 960w\" sizes=\"auto, (max-width: 500px) 100vw, 500px\" \/><\/a><\/p>\n<p>Sens\u00edvel aos temas e campanhas sociais, a Via\u00e7\u00e3o Itapetinga, empresa de transporte coletivo na &#8216;Capital da Pecu\u00e1ria, aderiu ao movimento Outubro Rosa, estilizando um dos seus \u00f4nibus com o tema e logomarca da campanha.<\/p>\n<p>Anualmente, no m\u00eas de outubro, \u00e9 comemorado o Outubro Rosa, um movimento de ades\u00e3o mundial que visa estimular a luta contra o c\u00e2ncer de mama e seu diagn\u00f3stico precoce.<\/p>\n<p>Como forma de promover a conscientiza\u00e7\u00e3o sobre essa doen\u00e7a, considerada a forma mais comum entre as mulheres e o segundo tipo com maior incid\u00eancia no mundo, a Via\u00e7\u00e3o Itapetinga aderiu \u00e0 campanha.<\/p>\n<p><strong><em>Por Davi Ferraz<\/em><\/strong><\/p>\n","protected":false},"excerpt":{"rendered":"<p>Sens\u00edvel aos temas e campanhas sociais, a Via\u00e7\u00e3o Itapetinga, empresa de transporte coletivo na &#8216;Capital da Pecu\u00e1ria, aderiu ao movimento Outubro Rosa, estilizando um dos seus \u00f4nibus com o tema e logomarca da campanha. Anualmente, no m\u00eas de outubro, \u00e9 comemorado o Outubro Rosa, um movimento de ades\u00e3o mundial que visa estimular a luta contra [&hellip;]<\/p>\n","protected":false},"author":2,"featured_media":75691,"comment_status":"open","ping_status":"open","sticky":false,"template":"","format":"standard","meta":{"footnotes":"","_links_to":"","_links_to_target":""},"categories":[1],"tags":[],"class_list":["post-75690","post","type-post","status-publish","format-standard","has-post-thumbnail","hentry","category-geral"],"views":1212,"_links":{"self":[{"href":"https:\/\/www.sudoestehoje.com.br\/novoportal\/wp-json\/wp\/v2\/posts\/75690","targetHints":{"allow":["GET"]}}],"collection":[{"href":"https:\/\/www.sudoestehoje.com.br\/novoportal\/wp-json\/wp\/v2\/posts"}],"about":[{"href":"https:\/\/www.sudoestehoje.com.br\/novoportal\/wp-json\/wp\/v2\/types\/post"}],"author":[{"embeddable":true,"href":"https:\/\/www.sudoestehoje.com.br\/novoportal\/wp-json\/wp\/v2\/users\/2"}],"replies":[{"embeddable":true,"href":"https:\/\/www.sudoestehoje.com.br\/novoportal\/wp-json\/wp\/v2\/comments?post=75690"}],"version-history":[{"count":2,"href":"https:\/\/www.sudoestehoje.com.br\/novoportal\/wp-json\/wp\/v2\/posts\/75690\/revisions"}],"predecessor-version":[{"id":75693,"href":"https:\/\/www.sudoestehoje.com.br\/novoportal\/wp-json\/wp\/v2\/posts\/75690\/revisions\/75693"}],"wp:featuredmedia":[{"embeddable":true,"href":"https:\/\/www.sudoestehoje.com.br\/novoportal\/wp-json\/wp\/v2\/media\/75691"}],"wp:attachment":[{"href":"https:\/\/www.sudoestehoje.com.br\/novoportal\/wp-json\/wp\/v2\/media?parent=75690"}],"wp:term":[{"taxonomy":"category","embeddable":true,"href":"https:\/\/www.sudoestehoje.com.br\/novoportal\/wp-json\/wp\/v2\/categories?post=75690"},{"taxonomy":"post_tag","embeddable":true,"href":"https:\/\/www.sudoestehoje.com.br\/novoportal\/wp-json\/wp\/v2\/tags?post=75690"}],"curies":[{"name":"wp","href":"https:\/\/api.w.org\/{rel}","templated":true}]}}