
{"id":75611,"date":"2018-10-01T22:48:31","date_gmt":"2018-10-02T01:48:31","guid":{"rendered":"http:\/\/www.sudoestehoje.com.br\/novoportal\/?p=75611"},"modified":"2018-10-01T22:48:31","modified_gmt":"2018-10-02T01:48:31","slug":"eleicoes-2018-brasil-tem-147-milhoes-de-eleitores-mais-mulheres-e-menos-jovens","status":"publish","type":"post","link":"https:\/\/www.sudoestehoje.com.br\/novoportal\/2018\/10\/01\/eleicoes-2018-brasil-tem-147-milhoes-de-eleitores-mais-mulheres-e-menos-jovens\/","title":{"rendered":"ELEI\u00c7\u00d5ES 2018: BRASIL TEM 147 MILH\u00d5ES DE ELEITORES; MAIS MULHERES E MENOS JOVENS"},"content":{"rendered":"<p><a href=\"http:\/\/www.sudoestehoje.com.br\/novoportal\/wp-content\/uploads\/2018\/10\/ELEITORADO-BRASIL.jpg\"><img loading=\"lazy\" decoding=\"async\" class=\"aligncenter size-medium wp-image-75613\" src=\"http:\/\/www.sudoestehoje.com.br\/novoportal\/wp-content\/uploads\/2018\/10\/ELEITORADO-BRASIL-500x281.jpg\" alt=\"\" width=\"500\" height=\"281\" srcset=\"https:\/\/www.sudoestehoje.com.br\/novoportal\/wp-content\/uploads\/2018\/10\/ELEITORADO-BRASIL-500x281.jpg 500w, https:\/\/www.sudoestehoje.com.br\/novoportal\/wp-content\/uploads\/2018\/10\/ELEITORADO-BRASIL-768x432.jpg 768w, https:\/\/www.sudoestehoje.com.br\/novoportal\/wp-content\/uploads\/2018\/10\/ELEITORADO-BRASIL-700x394.jpg 700w, https:\/\/www.sudoestehoje.com.br\/novoportal\/wp-content\/uploads\/2018\/10\/ELEITORADO-BRASIL.jpg 1280w\" sizes=\"auto, (max-width: 500px) 100vw, 500px\" \/><\/a><\/p>\n<p>O Brasil tem 147.302.354 eleitores aptos a votar em outubro, segundo n\u00famero divulgado pelo Tribunal Superior Eleitoral (TSE), com crescimento de 3,14% em rela\u00e7\u00e3o a 2014, ou aproximadamente 4,5 milh\u00f5es a mais. De acordo com o TSE, 1.409.774 n\u00e3o poder\u00e3o votar nem se candidatar, por estarem com os direitos pol\u00edticos suspensos. E h\u00e1 menos jovens com direito de participar.<\/p>\n<p>A maioria do eleitorado \u00e9 formada por mulheres, que representam 52,5% do total (77,3 milh\u00f5es, ante 69,9 milh\u00f5es de homens). Os dados mostram ainda 6.280 eleitores transexuais ou travestis \u2013 a partir deste ano, eles puderam ter seu nome social impresso no t\u00edtulo eleitoral.<\/p>\n<p>Entre jovens de 16 e 17 anos, cujo direito de voto \u00e9 opcional, 1.400.617 podem participar. Houve redu\u00e7\u00e3o de 14,53% em rela\u00e7\u00e3o a 2014. Esse grupo representa 0,95% do eleitorado brasileiro.\u00a0O n\u00famero de idosos com mais de 70 anos, cujo voto tamb\u00e9m \u00e9 facultativo, cresceu 11,12%, passando para 12.028.495.<\/p>\n<p>A faixa et\u00e1ria com maior numero de eleitores vai dos 45 aos 59 anos \u2013 esses 35,7 milh\u00f5es representam 24,26% do total. Em seguida, v\u00eam os de 25 a 34 anos (31,1 milh\u00f5es, ou 21,15%).<\/p>\n<p>No recorte por escolaridade, pouco mais de 38 milh\u00f5es t\u00eam o ensino fundamental incompleto e somam 25,8% do eleitorado. Os que t\u00eam ensino m\u00e9dio completo representam 22,7% e ensino m\u00e9dio incompleto, 16,8%. Depois v\u00eam os eleitores com superior completo (9,1%), os que leem e escrevem (8,9%), ensino fundamental completo (6,8%), superior incompleto (4,9%) e analfabetos (4,4%, 6,6 milh\u00f5es) \u2013 0,04% n\u00e3o informaram.<\/p>\n<p>O total de eleitores com identifica\u00e7\u00e3o biom\u00e9trica cresceu significativamente em rela\u00e7\u00e3o a 2014. Naquele ano, eram 15,18% do total, e agora s\u00e3o 50,03%.<\/p>\n<p>O Sudeste concentra 43,38% dos eleitores (63,9 milh\u00f5es). Na sequ\u00eancia, est\u00e3o as regi\u00f5es Nordeste (26,63%), Sul (14,53%), Norte (7,83%) e Centro-Oeste (7,3%). Entre as cidades, o maior col\u00e9gio eleitoral est\u00e1 em S\u00e3o Paulo (9.062.724) e o menor, na cidade mineira de Serra da Saudade, com 941 eleitores.<\/p>\n<p>Os eleitores residentes fora do pa\u00eds totalizam 500.727. O crescimento de 41,37% em rela\u00e7\u00e3o a quatro anos atr\u00e1s deveu-se, segundo o TSE, a uma campanha por facilitar o cadastro entre os brasileiros emigrados.<\/p>\n","protected":false},"excerpt":{"rendered":"<p>O Brasil tem 147.302.354 eleitores aptos a votar em outubro, segundo n\u00famero divulgado pelo Tribunal Superior Eleitoral (TSE), com crescimento de 3,14% em rela\u00e7\u00e3o a 2014, ou aproximadamente 4,5 milh\u00f5es a mais. De acordo com o TSE, 1.409.774 n\u00e3o poder\u00e3o votar nem se candidatar, por estarem com os direitos pol\u00edticos suspensos. E h\u00e1 menos jovens [&hellip;]<\/p>\n","protected":false},"author":2,"featured_media":75613,"comment_status":"open","ping_status":"open","sticky":false,"template":"","format":"standard","meta":{"footnotes":"","_links_to":"","_links_to_target":""},"categories":[1],"tags":[],"class_list":["post-75611","post","type-post","status-publish","format-standard","has-post-thumbnail","hentry","category-geral"],"views":2118,"_links":{"self":[{"href":"https:\/\/www.sudoestehoje.com.br\/novoportal\/wp-json\/wp\/v2\/posts\/75611","targetHints":{"allow":["GET"]}}],"collection":[{"href":"https:\/\/www.sudoestehoje.com.br\/novoportal\/wp-json\/wp\/v2\/posts"}],"about":[{"href":"https:\/\/www.sudoestehoje.com.br\/novoportal\/wp-json\/wp\/v2\/types\/post"}],"author":[{"embeddable":true,"href":"https:\/\/www.sudoestehoje.com.br\/novoportal\/wp-json\/wp\/v2\/users\/2"}],"replies":[{"embeddable":true,"href":"https:\/\/www.sudoestehoje.com.br\/novoportal\/wp-json\/wp\/v2\/comments?post=75611"}],"version-history":[{"count":2,"href":"https:\/\/www.sudoestehoje.com.br\/novoportal\/wp-json\/wp\/v2\/posts\/75611\/revisions"}],"predecessor-version":[{"id":75615,"href":"https:\/\/www.sudoestehoje.com.br\/novoportal\/wp-json\/wp\/v2\/posts\/75611\/revisions\/75615"}],"wp:featuredmedia":[{"embeddable":true,"href":"https:\/\/www.sudoestehoje.com.br\/novoportal\/wp-json\/wp\/v2\/media\/75613"}],"wp:attachment":[{"href":"https:\/\/www.sudoestehoje.com.br\/novoportal\/wp-json\/wp\/v2\/media?parent=75611"}],"wp:term":[{"taxonomy":"category","embeddable":true,"href":"https:\/\/www.sudoestehoje.com.br\/novoportal\/wp-json\/wp\/v2\/categories?post=75611"},{"taxonomy":"post_tag","embeddable":true,"href":"https:\/\/www.sudoestehoje.com.br\/novoportal\/wp-json\/wp\/v2\/tags?post=75611"}],"curies":[{"name":"wp","href":"https:\/\/api.w.org\/{rel}","templated":true}]}}