
{"id":7553,"date":"2011-08-15T09:07:31","date_gmt":"2011-08-15T12:07:31","guid":{"rendered":"http:\/\/www.sudoestehoje.com.br\/novoportal\/?p=7553"},"modified":"2011-08-15T09:07:31","modified_gmt":"2011-08-15T12:07:31","slug":"pr-ameaca-deixar-base-do-governo-dilma-rousseff","status":"publish","type":"post","link":"https:\/\/www.sudoestehoje.com.br\/novoportal\/2011\/08\/15\/pr-ameaca-deixar-base-do-governo-dilma-rousseff\/","title":{"rendered":"PR AMEA\u00c7A DEIXAR BASE DO GOVERNO DILMA ROUSSEFF"},"content":{"rendered":"<p style=\"text-align: center;\"><img decoding=\"async\" class=\"aligncenter\" src=\"http:\/\/www.radiomusicalfm.com.br\/site\/images\/stories\/dilma_faz_faxina_no_ministerio_dos_transportes.jpg\" alt=\"\" width=\"400\" \/><\/p>\n<p style=\"text-align: center;\"><em><strong>Depois da faxina, o racha&#8230;<\/strong><\/em><\/p>\n<p>Passados sete meses e meio do governo Dilma Rousseff, e a petista pode ser a primeira grande baixa na sua bancada no Congresso Nacional. Ap\u00f3s a limpa que realizou no Minist\u00e9rio dos Transportes, o PR amea\u00e7a ir para a oposi\u00e7\u00e3o. O ex-ministro e senador Alfredo Nascimento (AM), ir\u00e1 realizar um discurso na ter\u00e7a-feira (16) em que deve indicar os rumos da legenda.\u00a0 &#8220;O PR saiu do c\u00e9u, mas n\u00e3o vai para o inferno. Pagar\u00e1 os seus pecados no purgat\u00f3rio&#8221;, afirmou o senador Blairo Maggi (MT), ao O Estado de S. Paulo. Maggi quer agora que todos os integrantes do PR entreguem seus cargos no governo. Ap\u00f3s descoberto um esquema de corrup\u00e7\u00e3o nos Transportes, a pr\u00f3pria Dilma tratou de retirar 27 servidores, mas o PR ainda mant\u00e9m superintendentes estaduais do Dnit e uma diretoria de Furnas. &#8220;N\u00e3o tem sentido adotarmos uma posi\u00e7\u00e3o de independ\u00eancia em rela\u00e7\u00e3o ao Pal\u00e1cio do Planalto, sair da base aliada e continuar com os cargos&#8221;, insistiu Maggi<\/p>\n","protected":false},"excerpt":{"rendered":"<p>Depois da faxina, o racha&#8230; Passados sete meses e meio do governo Dilma Rousseff, e a petista pode ser a primeira grande baixa na sua bancada no Congresso Nacional. Ap\u00f3s a limpa que realizou no Minist\u00e9rio dos Transportes, o PR amea\u00e7a ir para a oposi\u00e7\u00e3o. O ex-ministro e senador Alfredo Nascimento (AM), ir\u00e1 realizar um [&hellip;]<\/p>\n","protected":false},"author":2,"featured_media":0,"comment_status":"open","ping_status":"open","sticky":false,"template":"","format":"standard","meta":{"footnotes":"","_links_to":"","_links_to_target":""},"categories":[1],"tags":[],"class_list":["post-7553","post","type-post","status-publish","format-standard","hentry","category-geral"],"views":1117,"_links":{"self":[{"href":"https:\/\/www.sudoestehoje.com.br\/novoportal\/wp-json\/wp\/v2\/posts\/7553","targetHints":{"allow":["GET"]}}],"collection":[{"href":"https:\/\/www.sudoestehoje.com.br\/novoportal\/wp-json\/wp\/v2\/posts"}],"about":[{"href":"https:\/\/www.sudoestehoje.com.br\/novoportal\/wp-json\/wp\/v2\/types\/post"}],"author":[{"embeddable":true,"href":"https:\/\/www.sudoestehoje.com.br\/novoportal\/wp-json\/wp\/v2\/users\/2"}],"replies":[{"embeddable":true,"href":"https:\/\/www.sudoestehoje.com.br\/novoportal\/wp-json\/wp\/v2\/comments?post=7553"}],"version-history":[{"count":3,"href":"https:\/\/www.sudoestehoje.com.br\/novoportal\/wp-json\/wp\/v2\/posts\/7553\/revisions"}],"predecessor-version":[{"id":7556,"href":"https:\/\/www.sudoestehoje.com.br\/novoportal\/wp-json\/wp\/v2\/posts\/7553\/revisions\/7556"}],"wp:attachment":[{"href":"https:\/\/www.sudoestehoje.com.br\/novoportal\/wp-json\/wp\/v2\/media?parent=7553"}],"wp:term":[{"taxonomy":"category","embeddable":true,"href":"https:\/\/www.sudoestehoje.com.br\/novoportal\/wp-json\/wp\/v2\/categories?post=7553"},{"taxonomy":"post_tag","embeddable":true,"href":"https:\/\/www.sudoestehoje.com.br\/novoportal\/wp-json\/wp\/v2\/tags?post=7553"}],"curies":[{"name":"wp","href":"https:\/\/api.w.org\/{rel}","templated":true}]}}