
{"id":75446,"date":"2018-09-25T22:10:25","date_gmt":"2018-09-26T01:10:25","guid":{"rendered":"http:\/\/www.sudoestehoje.com.br\/novoportal\/?p=75446"},"modified":"2018-09-25T22:10:25","modified_gmt":"2018-09-26T01:10:25","slug":"ciro-gomes-passa-mal-e-da-entrada-no-hospital-sirio-libanes-em-sao-paulo","status":"publish","type":"post","link":"https:\/\/www.sudoestehoje.com.br\/novoportal\/2018\/09\/25\/ciro-gomes-passa-mal-e-da-entrada-no-hospital-sirio-libanes-em-sao-paulo\/","title":{"rendered":"CIRO GOMES PASSA MAL E D\u00c1 ENTRADA NO HOSPITAL S\u00cdRIO LIBAN\u00caS EM S\u00c3O PAULO"},"content":{"rendered":"<p><a href=\"http:\/\/www.sudoestehoje.com.br\/novoportal\/wp-content\/uploads\/2018\/09\/ciro-gomes.jpg\"><img loading=\"lazy\" decoding=\"async\" class=\"aligncenter size-medium wp-image-75447\" src=\"http:\/\/www.sudoestehoje.com.br\/novoportal\/wp-content\/uploads\/2018\/09\/ciro-gomes-500x282.jpg\" alt=\"\" width=\"500\" height=\"282\" srcset=\"https:\/\/www.sudoestehoje.com.br\/novoportal\/wp-content\/uploads\/2018\/09\/ciro-gomes-500x282.jpg 500w, https:\/\/www.sudoestehoje.com.br\/novoportal\/wp-content\/uploads\/2018\/09\/ciro-gomes-768x432.jpg 768w, https:\/\/www.sudoestehoje.com.br\/novoportal\/wp-content\/uploads\/2018\/09\/ciro-gomes-700x394.jpg 700w, https:\/\/www.sudoestehoje.com.br\/novoportal\/wp-content\/uploads\/2018\/09\/ciro-gomes.jpg 1000w\" sizes=\"auto, (max-width: 500px) 100vw, 500px\" \/><\/a><\/p>\n<p>O candidato \u00e0 Presid\u00eancia da Rep\u00fablica Ciro Gomes (PDT-CE) passou mal e deu entrada no Hospital S\u00edrio-Liban\u00eas, em S\u00e3o Paulo, na noite desta ter\u00e7a-feira (25).<\/p>\n<p>De acordo com a assessoria de imprensa do pol\u00edtico, ele passou mal, sentindo dor na regi\u00e3o da bexiga. Ap\u00f3s a realiza\u00e7\u00e3o de exames, tomografia com contraste, foi submetido a um procedimento para retirar um co\u00e1gulo na pr\u00f3stata.<\/p>\n<p>A expectativa \u00e9 que o pedetista receba alta ainda nesta noite.<\/p>\n","protected":false},"excerpt":{"rendered":"<p>O candidato \u00e0 Presid\u00eancia da Rep\u00fablica Ciro Gomes (PDT-CE) passou mal e deu entrada no Hospital S\u00edrio-Liban\u00eas, em S\u00e3o Paulo, na noite desta ter\u00e7a-feira (25). De acordo com a assessoria de imprensa do pol\u00edtico, ele passou mal, sentindo dor na regi\u00e3o da bexiga. Ap\u00f3s a realiza\u00e7\u00e3o de exames, tomografia com contraste, foi submetido a um [&hellip;]<\/p>\n","protected":false},"author":2,"featured_media":75447,"comment_status":"open","ping_status":"open","sticky":false,"template":"","format":"standard","meta":{"footnotes":"","_links_to":"","_links_to_target":""},"categories":[1],"tags":[],"class_list":["post-75446","post","type-post","status-publish","format-standard","has-post-thumbnail","hentry","category-geral"],"views":1121,"_links":{"self":[{"href":"https:\/\/www.sudoestehoje.com.br\/novoportal\/wp-json\/wp\/v2\/posts\/75446","targetHints":{"allow":["GET"]}}],"collection":[{"href":"https:\/\/www.sudoestehoje.com.br\/novoportal\/wp-json\/wp\/v2\/posts"}],"about":[{"href":"https:\/\/www.sudoestehoje.com.br\/novoportal\/wp-json\/wp\/v2\/types\/post"}],"author":[{"embeddable":true,"href":"https:\/\/www.sudoestehoje.com.br\/novoportal\/wp-json\/wp\/v2\/users\/2"}],"replies":[{"embeddable":true,"href":"https:\/\/www.sudoestehoje.com.br\/novoportal\/wp-json\/wp\/v2\/comments?post=75446"}],"version-history":[{"count":1,"href":"https:\/\/www.sudoestehoje.com.br\/novoportal\/wp-json\/wp\/v2\/posts\/75446\/revisions"}],"predecessor-version":[{"id":75448,"href":"https:\/\/www.sudoestehoje.com.br\/novoportal\/wp-json\/wp\/v2\/posts\/75446\/revisions\/75448"}],"wp:featuredmedia":[{"embeddable":true,"href":"https:\/\/www.sudoestehoje.com.br\/novoportal\/wp-json\/wp\/v2\/media\/75447"}],"wp:attachment":[{"href":"https:\/\/www.sudoestehoje.com.br\/novoportal\/wp-json\/wp\/v2\/media?parent=75446"}],"wp:term":[{"taxonomy":"category","embeddable":true,"href":"https:\/\/www.sudoestehoje.com.br\/novoportal\/wp-json\/wp\/v2\/categories?post=75446"},{"taxonomy":"post_tag","embeddable":true,"href":"https:\/\/www.sudoestehoje.com.br\/novoportal\/wp-json\/wp\/v2\/tags?post=75446"}],"curies":[{"name":"wp","href":"https:\/\/api.w.org\/{rel}","templated":true}]}}