
{"id":75426,"date":"2018-09-25T20:13:38","date_gmt":"2018-09-25T23:13:38","guid":{"rendered":"http:\/\/www.sudoestehoje.com.br\/novoportal\/?p=75426"},"modified":"2018-09-25T20:13:38","modified_gmt":"2018-09-25T23:13:38","slug":"itapetinga-mdb-promove-caminhada-nesta-sexta-em-apoio-a-joao-santana-lucio-arthur-maia-e-pedro-tavares-2","status":"publish","type":"post","link":"https:\/\/www.sudoestehoje.com.br\/novoportal\/2018\/09\/25\/itapetinga-mdb-promove-caminhada-nesta-sexta-em-apoio-a-joao-santana-lucio-arthur-maia-e-pedro-tavares-2\/","title":{"rendered":"ITAPETINGA: MDB PROMOVE CAMINHADA NESTA SEXTA EM APOIO A JO\u00c3O SANTANA, L\u00daCIO, ARTHUR MAIA E PEDRO TAVARES"},"content":{"rendered":"<p><a href=\"http:\/\/www.sudoestehoje.com.br\/novoportal\/wp-content\/uploads\/2018\/09\/caminhada-500x281-1.jpg\"><img loading=\"lazy\" decoding=\"async\" class=\"aligncenter size-medium wp-image-75427\" src=\"http:\/\/www.sudoestehoje.com.br\/novoportal\/wp-content\/uploads\/2018\/09\/caminhada-500x281-1-500x281.jpg\" alt=\"\" width=\"500\" height=\"281\" \/><\/a><\/p>\n<p>Na pr\u00f3xima sexta-feira (28), a partir das 19h, o grupo pol\u00edtico liderado pelo prefeito Rodrigo e Michel Hagge (MDB) vai promover uma grande caminhada em apoio \u00e0s candidaturas de Jo\u00e3o Santana ao governo da Bahia, L\u00facio Vieira Lima e Arthur Maia a deputado federal e Pedro Tavares, a deputado estadual.<\/p>\n<p>A concentra\u00e7\u00e3o ser\u00e1 em frente ao Residencial Moacir Moura, na Nova Itapetinga, com encerramento ao lado do Gin\u00e1sio de Esportes, no Clodoaldo Costa.<\/p>\n<p>Rodrigo, Michel e demais lideran\u00e7as do MDB est\u00e3o convocando todos os militantes e apoiadores do partido, para realizarem um grande ato pol\u00edtico, visando dar aos seus candidatos grande vota\u00e7\u00e3o em Itapetinga.<\/p>\n<p>Tradicionalmente, o grupo pol\u00edtico do ex-prefeito Michel Hagge promove grandes caminhadas em Itapetinga e transfere vota\u00e7\u00f5es expressivas aos candidatos que apoia.<\/p>\n<p><strong><em>Por Davi Ferraz<\/em><\/strong><\/p>\n","protected":false},"excerpt":{"rendered":"<p>Na pr\u00f3xima sexta-feira (28), a partir das 19h, o grupo pol\u00edtico liderado pelo prefeito Rodrigo e Michel Hagge (MDB) vai promover uma grande caminhada em apoio \u00e0s candidaturas de Jo\u00e3o Santana ao governo da Bahia, L\u00facio Vieira Lima e Arthur Maia a deputado federal e Pedro Tavares, a deputado estadual. A concentra\u00e7\u00e3o ser\u00e1 em frente [&hellip;]<\/p>\n","protected":false},"author":2,"featured_media":75427,"comment_status":"open","ping_status":"open","sticky":false,"template":"","format":"standard","meta":{"footnotes":"","_links_to":"","_links_to_target":""},"categories":[1],"tags":[],"class_list":["post-75426","post","type-post","status-publish","format-standard","has-post-thumbnail","hentry","category-geral"],"views":1247,"_links":{"self":[{"href":"https:\/\/www.sudoestehoje.com.br\/novoportal\/wp-json\/wp\/v2\/posts\/75426","targetHints":{"allow":["GET"]}}],"collection":[{"href":"https:\/\/www.sudoestehoje.com.br\/novoportal\/wp-json\/wp\/v2\/posts"}],"about":[{"href":"https:\/\/www.sudoestehoje.com.br\/novoportal\/wp-json\/wp\/v2\/types\/post"}],"author":[{"embeddable":true,"href":"https:\/\/www.sudoestehoje.com.br\/novoportal\/wp-json\/wp\/v2\/users\/2"}],"replies":[{"embeddable":true,"href":"https:\/\/www.sudoestehoje.com.br\/novoportal\/wp-json\/wp\/v2\/comments?post=75426"}],"version-history":[{"count":1,"href":"https:\/\/www.sudoestehoje.com.br\/novoportal\/wp-json\/wp\/v2\/posts\/75426\/revisions"}],"predecessor-version":[{"id":75428,"href":"https:\/\/www.sudoestehoje.com.br\/novoportal\/wp-json\/wp\/v2\/posts\/75426\/revisions\/75428"}],"wp:featuredmedia":[{"embeddable":true,"href":"https:\/\/www.sudoestehoje.com.br\/novoportal\/wp-json\/wp\/v2\/media\/75427"}],"wp:attachment":[{"href":"https:\/\/www.sudoestehoje.com.br\/novoportal\/wp-json\/wp\/v2\/media?parent=75426"}],"wp:term":[{"taxonomy":"category","embeddable":true,"href":"https:\/\/www.sudoestehoje.com.br\/novoportal\/wp-json\/wp\/v2\/categories?post=75426"},{"taxonomy":"post_tag","embeddable":true,"href":"https:\/\/www.sudoestehoje.com.br\/novoportal\/wp-json\/wp\/v2\/tags?post=75426"}],"curies":[{"name":"wp","href":"https:\/\/api.w.org\/{rel}","templated":true}]}}