
{"id":75338,"date":"2018-09-22T13:28:55","date_gmt":"2018-09-22T16:28:55","guid":{"rendered":"http:\/\/www.sudoestehoje.com.br\/novoportal\/?p=75338"},"modified":"2018-09-22T13:28:55","modified_gmt":"2018-09-22T16:28:55","slug":"caminhada-de-antonio-brito-em-itapetinga-arrasta-multidao-pelas-ruas-da-cidade","status":"publish","type":"post","link":"https:\/\/www.sudoestehoje.com.br\/novoportal\/2018\/09\/22\/caminhada-de-antonio-brito-em-itapetinga-arrasta-multidao-pelas-ruas-da-cidade\/","title":{"rendered":"CAMINHADA DE ANT\u00d4NIO BRITO EM ITAPETINGA ARRASTA MULTID\u00c3O PELAS RUAS DA CIDADE"},"content":{"rendered":"<p><a href=\"http:\/\/www.sudoestehoje.com.br\/novoportal\/wp-content\/uploads\/2018\/09\/br-1-1.jpg\"><img loading=\"lazy\" decoding=\"async\" class=\"aligncenter size-medium wp-image-75339\" src=\"http:\/\/www.sudoestehoje.com.br\/novoportal\/wp-content\/uploads\/2018\/09\/br-1-1-500x296.jpg\" alt=\"\" width=\"500\" height=\"296\" srcset=\"https:\/\/www.sudoestehoje.com.br\/novoportal\/wp-content\/uploads\/2018\/09\/br-1-1-500x296.jpg 500w, https:\/\/www.sudoestehoje.com.br\/novoportal\/wp-content\/uploads\/2018\/09\/br-1-1-768x454.jpg 768w, https:\/\/www.sudoestehoje.com.br\/novoportal\/wp-content\/uploads\/2018\/09\/br-1-1-700x414.jpg 700w, https:\/\/www.sudoestehoje.com.br\/novoportal\/wp-content\/uploads\/2018\/09\/br-1-1.jpg 960w\" sizes=\"auto, (max-width: 500px) 100vw, 500px\" \/><\/a><\/p>\n<p><b>Ascom<\/b><\/p>\n<p>Mais de duas mil pessoas participaram da caminhada com o deputado federal Antonio Brito, na noite desta sexta-feira (21), em Itapetinga, capital do M\u00e9dio Sudoeste baiano.\u00a0Na ocasi\u00e3o, Antonio Brito percorreu as ruas da cidade cumprimentando moradores, encerrando na pra\u00e7a do forr\u00f3, no Clodoaldo Costa.<\/p>\n<p><a href=\"http:\/\/www.sudoestehoje.com.br\/novoportal\/wp-content\/uploads\/2018\/09\/br-2-1.jpg\"><img loading=\"lazy\" decoding=\"async\" class=\"aligncenter size-medium wp-image-75340\" src=\"http:\/\/www.sudoestehoje.com.br\/novoportal\/wp-content\/uploads\/2018\/09\/br-2-1-500x334.jpg\" alt=\"\" width=\"500\" height=\"334\" srcset=\"https:\/\/www.sudoestehoje.com.br\/novoportal\/wp-content\/uploads\/2018\/09\/br-2-1-500x334.jpg 500w, https:\/\/www.sudoestehoje.com.br\/novoportal\/wp-content\/uploads\/2018\/09\/br-2-1-768x514.jpg 768w, https:\/\/www.sudoestehoje.com.br\/novoportal\/wp-content\/uploads\/2018\/09\/br-2-1-700x468.jpg 700w, https:\/\/www.sudoestehoje.com.br\/novoportal\/wp-content\/uploads\/2018\/09\/br-2-1.jpg 960w\" sizes=\"auto, (max-width: 500px) 100vw, 500px\" \/><\/a><\/p>\n<p>O parlamentar esteve acompanhado de Leonardo Matos, dos candidatos a deputado estadual Katia Bacelar e Dr. Jo\u00e3o Arag\u00e3o; do presidente do PSD, Alfredo Cabral; dos ex vice-prefeitos Al\u00e9cio Chaves e K\u00e1tia Espinheira; dos vereadores Jos\u00e9 Antunes, Valquir\u00e3o e Gilmar Piritiba, dos ex-vereadores Jos\u00e9 Roberto, Nidia Oliveira, Jo\u00e3o Carlos, dos representantes da \u00e1rea da sa\u00fade, Dr. Silvio Macedo, Dr. Reinaldo Santos, Dr. Marcelo Gomes e diversas lideran\u00e7as pol\u00edticas e sociais de toda regi\u00e3o.<\/p>\n<p><a href=\"http:\/\/www.sudoestehoje.com.br\/novoportal\/wp-content\/uploads\/2018\/09\/br-3-1.jpg\"><img loading=\"lazy\" decoding=\"async\" class=\"aligncenter size-medium wp-image-75341\" src=\"http:\/\/www.sudoestehoje.com.br\/novoportal\/wp-content\/uploads\/2018\/09\/br-3-1-500x345.jpg\" alt=\"\" width=\"500\" height=\"345\" srcset=\"https:\/\/www.sudoestehoje.com.br\/novoportal\/wp-content\/uploads\/2018\/09\/br-3-1-500x345.jpg 500w, https:\/\/www.sudoestehoje.com.br\/novoportal\/wp-content\/uploads\/2018\/09\/br-3-1-768x530.jpg 768w, https:\/\/www.sudoestehoje.com.br\/novoportal\/wp-content\/uploads\/2018\/09\/br-3-1-700x483.jpg 700w, https:\/\/www.sudoestehoje.com.br\/novoportal\/wp-content\/uploads\/2018\/09\/br-3-1.jpg 960w\" sizes=\"auto, (max-width: 500px) 100vw, 500px\" \/><\/a><br \/>\nEm todo o percurso, a vibra\u00e7\u00e3o foi intensa, com aplausos, foguet\u00f3rio e muitos abra\u00e7os dos apoiadores da candidatura do&#8221;deputado da sa\u00fade&#8221;, que conquistou o reconhecimento e gratid\u00e3o popula\u00e7\u00e3o local e regional.<\/p>\n<p><a href=\"http:\/\/www.sudoestehoje.com.br\/novoportal\/wp-content\/uploads\/2018\/09\/br-4.jpg\"><img loading=\"lazy\" decoding=\"async\" class=\"aligncenter size-medium wp-image-75342\" src=\"http:\/\/www.sudoestehoje.com.br\/novoportal\/wp-content\/uploads\/2018\/09\/br-4-500x345.jpg\" alt=\"\" width=\"500\" height=\"345\" srcset=\"https:\/\/www.sudoestehoje.com.br\/novoportal\/wp-content\/uploads\/2018\/09\/br-4-500x345.jpg 500w, https:\/\/www.sudoestehoje.com.br\/novoportal\/wp-content\/uploads\/2018\/09\/br-4-768x530.jpg 768w, https:\/\/www.sudoestehoje.com.br\/novoportal\/wp-content\/uploads\/2018\/09\/br-4-700x483.jpg 700w, https:\/\/www.sudoestehoje.com.br\/novoportal\/wp-content\/uploads\/2018\/09\/br-4.jpg 960w\" sizes=\"auto, (max-width: 500px) 100vw, 500px\" \/><\/a><br \/>\nContente com o carinho da popula\u00e7\u00e3o, Brito agradeceu o apoio de todos. \u201cObrigado, Itapetinga! represent\u00e1-la em Bras\u00edlia \u00e9 para mim motivo de grande honra e alegria. Farei jus a cada voto de confian\u00e7a que voc\u00eas me depositarem&#8221;, afirmou o parlamentar.<\/p>\n","protected":false},"excerpt":{"rendered":"<p>Ascom Mais de duas mil pessoas participaram da caminhada com o deputado federal Antonio Brito, na noite desta sexta-feira (21), em Itapetinga, capital do M\u00e9dio Sudoeste baiano.\u00a0Na ocasi\u00e3o, Antonio Brito percorreu as ruas da cidade cumprimentando moradores, encerrando na pra\u00e7a do forr\u00f3, no Clodoaldo Costa. O parlamentar esteve acompanhado de Leonardo Matos, dos candidatos a [&hellip;]<\/p>\n","protected":false},"author":2,"featured_media":75339,"comment_status":"open","ping_status":"open","sticky":false,"template":"","format":"standard","meta":{"footnotes":"","_links_to":"","_links_to_target":""},"categories":[1],"tags":[],"class_list":["post-75338","post","type-post","status-publish","format-standard","has-post-thumbnail","hentry","category-geral"],"views":1224,"_links":{"self":[{"href":"https:\/\/www.sudoestehoje.com.br\/novoportal\/wp-json\/wp\/v2\/posts\/75338","targetHints":{"allow":["GET"]}}],"collection":[{"href":"https:\/\/www.sudoestehoje.com.br\/novoportal\/wp-json\/wp\/v2\/posts"}],"about":[{"href":"https:\/\/www.sudoestehoje.com.br\/novoportal\/wp-json\/wp\/v2\/types\/post"}],"author":[{"embeddable":true,"href":"https:\/\/www.sudoestehoje.com.br\/novoportal\/wp-json\/wp\/v2\/users\/2"}],"replies":[{"embeddable":true,"href":"https:\/\/www.sudoestehoje.com.br\/novoportal\/wp-json\/wp\/v2\/comments?post=75338"}],"version-history":[{"count":1,"href":"https:\/\/www.sudoestehoje.com.br\/novoportal\/wp-json\/wp\/v2\/posts\/75338\/revisions"}],"predecessor-version":[{"id":75343,"href":"https:\/\/www.sudoestehoje.com.br\/novoportal\/wp-json\/wp\/v2\/posts\/75338\/revisions\/75343"}],"wp:featuredmedia":[{"embeddable":true,"href":"https:\/\/www.sudoestehoje.com.br\/novoportal\/wp-json\/wp\/v2\/media\/75339"}],"wp:attachment":[{"href":"https:\/\/www.sudoestehoje.com.br\/novoportal\/wp-json\/wp\/v2\/media?parent=75338"}],"wp:term":[{"taxonomy":"category","embeddable":true,"href":"https:\/\/www.sudoestehoje.com.br\/novoportal\/wp-json\/wp\/v2\/categories?post=75338"},{"taxonomy":"post_tag","embeddable":true,"href":"https:\/\/www.sudoestehoje.com.br\/novoportal\/wp-json\/wp\/v2\/tags?post=75338"}],"curies":[{"name":"wp","href":"https:\/\/api.w.org\/{rel}","templated":true}]}}