
{"id":75285,"date":"2018-09-20T20:54:21","date_gmt":"2018-09-20T23:54:21","guid":{"rendered":"http:\/\/www.sudoestehoje.com.br\/novoportal\/?p=75285"},"modified":"2018-09-20T20:54:21","modified_gmt":"2018-09-20T23:54:21","slug":"itapetinga-cupula-da-policia-civil-inaugura-reforma-do-complexo-policial","status":"publish","type":"post","link":"https:\/\/www.sudoestehoje.com.br\/novoportal\/2018\/09\/20\/itapetinga-cupula-da-policia-civil-inaugura-reforma-do-complexo-policial\/","title":{"rendered":"ITAPETINGA: C\u00daPULA DA POL\u00cdCIA CIVIL INAUGURA REFORMA DO COMPLEXO POLICIAL"},"content":{"rendered":"<p><a href=\"http:\/\/www.sudoestehoje.com.br\/novoportal\/wp-content\/uploads\/2018\/09\/COORPIN-1.jpg\"><img loading=\"lazy\" decoding=\"async\" class=\"aligncenter size-medium wp-image-75286\" src=\"http:\/\/www.sudoestehoje.com.br\/novoportal\/wp-content\/uploads\/2018\/09\/COORPIN-1-500x281.jpg\" alt=\"\" width=\"500\" height=\"281\" srcset=\"https:\/\/www.sudoestehoje.com.br\/novoportal\/wp-content\/uploads\/2018\/09\/COORPIN-1-500x281.jpg 500w, https:\/\/www.sudoestehoje.com.br\/novoportal\/wp-content\/uploads\/2018\/09\/COORPIN-1-768x432.jpg 768w, https:\/\/www.sudoestehoje.com.br\/novoportal\/wp-content\/uploads\/2018\/09\/COORPIN-1-700x394.jpg 700w, https:\/\/www.sudoestehoje.com.br\/novoportal\/wp-content\/uploads\/2018\/09\/COORPIN-1.jpg 960w\" sizes=\"auto, (max-width: 500px) 100vw, 500px\" \/><\/a><\/p>\n<p>&#8220;Um pr\u00e9dio totalmente reformado e um ambiente melhor para se trabalhar e atender bem ao p\u00fablico&#8221;. Com essas palavras o Coordenador da 21\u00aa Coorpin\/Itapetinga, Roberto J\u00fanior, recebeu nas depend\u00eancias do Complexo Policial o Delegado Geral da Pol\u00edcia Civil, Bernardino Brito Filho, e o Diretor do Depin (Departamento de Pol\u00edcia do Interior), Fl\u00e1vio G\u00f3is, na manh\u00e3 desta quinta-feira, 20.<\/p>\n<p>Tamb\u00e9m estiveram presentes ao evento, o prefeito de Itapetinga, Rodrigo Hagge, presidente da OAB, subse\u00e7\u00e3o local, Fabr\u00edcio Moreira, vereadores, representantes da sociedade civil, delegados e todos os servidores da 21\u00aa Coorpin.<\/p>\n<p>Roberto J\u00fanior falou da parceria com o poder p\u00fablico municipal e com alguns pecuaristas, que contribu\u00edram diretamente na reforma do pr\u00e9dio. Lembrou da participa\u00e7\u00e3o direta do Delegado Geral e do Diretor do Depin na aquisi\u00e7\u00e3o dos m\u00f3veis da sede e das demais cidades que comp\u00f5em a 21\u00aa Coorpin, que totalizou um montante de quase 60 mil reais.<\/p>\n<p>O Delegado Geral fez a inaugura\u00e7\u00e3o do NAM (N\u00facleo de Assist\u00eancia \u00e0 Mulher), que tem \u00e0 frente a Delegada D\u00e9borah Soares. Bernardino Brito Filho, ao falar com os servidores e autoridades convidadas, deixou claro que estava bastante feliz ao ver uma equipe de policiais coesa. Elogiou a atua\u00e7\u00e3o do Delegado Roberto J\u00fanior como gestor da Coordenadoria. \/\/<em>Ascom da 21a Coorpin<\/em><\/p>\n\n\t\t<style type=\"text\/css\">\n\t\t\t#gallery-1 {\n\t\t\t\tmargin: auto;\n\t\t\t}\n\t\t\t#gallery-1 .gallery-item {\n\t\t\t\tfloat: left;\n\t\t\t\tmargin-top: 10px;\n\t\t\t\ttext-align: center;\n\t\t\t\twidth: 33%;\n\t\t\t}\n\t\t\t#gallery-1 img {\n\t\t\t\tborder: 2px solid #cfcfcf;\n\t\t\t}\n\t\t\t#gallery-1 .gallery-caption {\n\t\t\t\tmargin-left: 0;\n\t\t\t}\n\t\t\t\/* see gallery_shortcode() in wp-includes\/media.php *\/\n\t\t<\/style>\n\t\t<div id='gallery-1' class='gallery galleryid-75285 gallery-columns-3 gallery-size-thumbnail'><dl class='gallery-item'>\n\t\t\t<dt class='gallery-icon landscape'>\n\t\t\t\t<a href='https:\/\/www.sudoestehoje.com.br\/novoportal\/2018\/09\/20\/itapetinga-cupula-da-policia-civil-inaugura-reforma-do-complexo-policial\/coorpin-4\/'><img loading=\"lazy\" decoding=\"async\" width=\"150\" height=\"150\" src=\"https:\/\/www.sudoestehoje.com.br\/novoportal\/wp-content\/uploads\/2018\/09\/COORPIN-4-150x150.jpg\" class=\"attachment-thumbnail size-thumbnail\" alt=\"\" \/><\/a>\n\t\t\t<\/dt><\/dl><dl class='gallery-item'>\n\t\t\t<dt class='gallery-icon landscape'>\n\t\t\t\t<a href='https:\/\/www.sudoestehoje.com.br\/novoportal\/2018\/09\/20\/itapetinga-cupula-da-policia-civil-inaugura-reforma-do-complexo-policial\/coorpin-2-2\/'><img loading=\"lazy\" decoding=\"async\" width=\"150\" height=\"150\" src=\"https:\/\/www.sudoestehoje.com.br\/novoportal\/wp-content\/uploads\/2018\/09\/COORPIN-2-1-150x150.jpg\" class=\"attachment-thumbnail size-thumbnail\" alt=\"\" \/><\/a>\n\t\t\t<\/dt><\/dl><dl class='gallery-item'>\n\t\t\t<dt class='gallery-icon landscape'>\n\t\t\t\t<a href='https:\/\/www.sudoestehoje.com.br\/novoportal\/2018\/09\/20\/itapetinga-cupula-da-policia-civil-inaugura-reforma-do-complexo-policial\/coorpin-3\/'><img loading=\"lazy\" decoding=\"async\" width=\"150\" height=\"150\" src=\"https:\/\/www.sudoestehoje.com.br\/novoportal\/wp-content\/uploads\/2018\/09\/COORPIN-3-150x150.jpg\" class=\"attachment-thumbnail size-thumbnail\" alt=\"\" \/><\/a>\n\t\t\t<\/dt><\/dl><br style=\"clear: both\" \/>\n\t\t<\/div>\n\n","protected":false},"excerpt":{"rendered":"<p>&#8220;Um pr\u00e9dio totalmente reformado e um ambiente melhor para se trabalhar e atender bem ao p\u00fablico&#8221;. Com essas palavras o Coordenador da 21\u00aa Coorpin\/Itapetinga, Roberto J\u00fanior, recebeu nas depend\u00eancias do Complexo Policial o Delegado Geral da Pol\u00edcia Civil, Bernardino Brito Filho, e o Diretor do Depin (Departamento de Pol\u00edcia do Interior), Fl\u00e1vio G\u00f3is, na manh\u00e3 [&hellip;]<\/p>\n","protected":false},"author":2,"featured_media":75286,"comment_status":"open","ping_status":"open","sticky":false,"template":"","format":"standard","meta":{"footnotes":"","_links_to":"","_links_to_target":""},"categories":[1],"tags":[],"class_list":["post-75285","post","type-post","status-publish","format-standard","has-post-thumbnail","hentry","category-geral"],"views":1612,"_links":{"self":[{"href":"https:\/\/www.sudoestehoje.com.br\/novoportal\/wp-json\/wp\/v2\/posts\/75285","targetHints":{"allow":["GET"]}}],"collection":[{"href":"https:\/\/www.sudoestehoje.com.br\/novoportal\/wp-json\/wp\/v2\/posts"}],"about":[{"href":"https:\/\/www.sudoestehoje.com.br\/novoportal\/wp-json\/wp\/v2\/types\/post"}],"author":[{"embeddable":true,"href":"https:\/\/www.sudoestehoje.com.br\/novoportal\/wp-json\/wp\/v2\/users\/2"}],"replies":[{"embeddable":true,"href":"https:\/\/www.sudoestehoje.com.br\/novoportal\/wp-json\/wp\/v2\/comments?post=75285"}],"version-history":[{"count":2,"href":"https:\/\/www.sudoestehoje.com.br\/novoportal\/wp-json\/wp\/v2\/posts\/75285\/revisions"}],"predecessor-version":[{"id":75292,"href":"https:\/\/www.sudoestehoje.com.br\/novoportal\/wp-json\/wp\/v2\/posts\/75285\/revisions\/75292"}],"wp:featuredmedia":[{"embeddable":true,"href":"https:\/\/www.sudoestehoje.com.br\/novoportal\/wp-json\/wp\/v2\/media\/75286"}],"wp:attachment":[{"href":"https:\/\/www.sudoestehoje.com.br\/novoportal\/wp-json\/wp\/v2\/media?parent=75285"}],"wp:term":[{"taxonomy":"category","embeddable":true,"href":"https:\/\/www.sudoestehoje.com.br\/novoportal\/wp-json\/wp\/v2\/categories?post=75285"},{"taxonomy":"post_tag","embeddable":true,"href":"https:\/\/www.sudoestehoje.com.br\/novoportal\/wp-json\/wp\/v2\/tags?post=75285"}],"curies":[{"name":"wp","href":"https:\/\/api.w.org\/{rel}","templated":true}]}}