
{"id":75255,"date":"2018-09-19T19:01:30","date_gmt":"2018-09-19T22:01:30","guid":{"rendered":"http:\/\/www.sudoestehoje.com.br\/novoportal\/?p=75255"},"modified":"2018-09-19T19:01:30","modified_gmt":"2018-09-19T22:01:30","slug":"morre-em-itapetinga-a-radialista-marina-oliveira-da-radio-fascinacao","status":"publish","type":"post","link":"https:\/\/www.sudoestehoje.com.br\/novoportal\/2018\/09\/19\/morre-em-itapetinga-a-radialista-marina-oliveira-da-radio-fascinacao\/","title":{"rendered":"MORRE EM ITAPETINGA A RADIALISTA MARINA OLIVEIRA, DA R\u00c1DIO FASCINA\u00c7\u00c3O"},"content":{"rendered":"<p><a href=\"http:\/\/www.sudoestehoje.com.br\/novoportal\/wp-content\/uploads\/2018\/09\/marina.jpg\"><img loading=\"lazy\" decoding=\"async\" class=\"aligncenter size-medium wp-image-75256\" src=\"http:\/\/www.sudoestehoje.com.br\/novoportal\/wp-content\/uploads\/2018\/09\/marina-500x295.jpg\" alt=\"\" width=\"500\" height=\"295\" srcset=\"https:\/\/www.sudoestehoje.com.br\/novoportal\/wp-content\/uploads\/2018\/09\/marina-500x295.jpg 500w, https:\/\/www.sudoestehoje.com.br\/novoportal\/wp-content\/uploads\/2018\/09\/marina-768x454.jpg 768w, https:\/\/www.sudoestehoje.com.br\/novoportal\/wp-content\/uploads\/2018\/09\/marina-700x414.jpg 700w, https:\/\/www.sudoestehoje.com.br\/novoportal\/wp-content\/uploads\/2018\/09\/marina.jpg 1100w\" sizes=\"auto, (max-width: 500px) 100vw, 500px\" \/><\/a><\/p>\n<p>Faleceu, no in\u00edcio da tarde desta quarta-feira (19), a radialista Marina Oliveira, funcion\u00e1ria da R\u00e1dio Fascina\u00e7\u00e3o AM, localizada em Itapetinga, no Sudoeste baiano.<\/p>\n<p>Maria, que havia sofrido um um mal s\u00fabito durante a semana, foi hospitalizada no HCR\/FJS, em Itapetinga, onde foi diagnosticado um AVC, acabou sendo \u00a0foi transferida para o Hospital Geral de Vit\u00f3ria da Conquista, vindo a \u00f3bito, posteriormente.<\/p>\n<p>A not\u00edcia do seu falecimento repentino chocou a popula\u00e7\u00e3o do munic\u00edpio e de toda a regi\u00e3o, onde Marina era figura popular, por participar como operadora de todos os programas jornal\u00edsticos da emissora, h\u00e1 d\u00e9cadas, com muita devo\u00e7\u00e3o e compet\u00eancia.<\/p>\n<p>O Sudoeste Hoje lamenta a perda irrepar\u00e1vel da amiga, manifestando as suas condol\u00eancias aos familiares e colegas de trabalho da nossa amiga Marina.<\/p>\n<p><strong><em>Davi Ferraz &#8211; Editor<\/em><\/strong><\/p>\n","protected":false},"excerpt":{"rendered":"<p>Faleceu, no in\u00edcio da tarde desta quarta-feira (19), a radialista Marina Oliveira, funcion\u00e1ria da R\u00e1dio Fascina\u00e7\u00e3o AM, localizada em Itapetinga, no Sudoeste baiano. Maria, que havia sofrido um um mal s\u00fabito durante a semana, foi hospitalizada no HCR\/FJS, em Itapetinga, onde foi diagnosticado um AVC, acabou sendo \u00a0foi transferida para o Hospital Geral de Vit\u00f3ria [&hellip;]<\/p>\n","protected":false},"author":2,"featured_media":75256,"comment_status":"open","ping_status":"open","sticky":false,"template":"","format":"standard","meta":{"footnotes":"","_links_to":"","_links_to_target":""},"categories":[1],"tags":[],"class_list":["post-75255","post","type-post","status-publish","format-standard","has-post-thumbnail","hentry","category-geral"],"views":1513,"_links":{"self":[{"href":"https:\/\/www.sudoestehoje.com.br\/novoportal\/wp-json\/wp\/v2\/posts\/75255","targetHints":{"allow":["GET"]}}],"collection":[{"href":"https:\/\/www.sudoestehoje.com.br\/novoportal\/wp-json\/wp\/v2\/posts"}],"about":[{"href":"https:\/\/www.sudoestehoje.com.br\/novoportal\/wp-json\/wp\/v2\/types\/post"}],"author":[{"embeddable":true,"href":"https:\/\/www.sudoestehoje.com.br\/novoportal\/wp-json\/wp\/v2\/users\/2"}],"replies":[{"embeddable":true,"href":"https:\/\/www.sudoestehoje.com.br\/novoportal\/wp-json\/wp\/v2\/comments?post=75255"}],"version-history":[{"count":1,"href":"https:\/\/www.sudoestehoje.com.br\/novoportal\/wp-json\/wp\/v2\/posts\/75255\/revisions"}],"predecessor-version":[{"id":75257,"href":"https:\/\/www.sudoestehoje.com.br\/novoportal\/wp-json\/wp\/v2\/posts\/75255\/revisions\/75257"}],"wp:featuredmedia":[{"embeddable":true,"href":"https:\/\/www.sudoestehoje.com.br\/novoportal\/wp-json\/wp\/v2\/media\/75256"}],"wp:attachment":[{"href":"https:\/\/www.sudoestehoje.com.br\/novoportal\/wp-json\/wp\/v2\/media?parent=75255"}],"wp:term":[{"taxonomy":"category","embeddable":true,"href":"https:\/\/www.sudoestehoje.com.br\/novoportal\/wp-json\/wp\/v2\/categories?post=75255"},{"taxonomy":"post_tag","embeddable":true,"href":"https:\/\/www.sudoestehoje.com.br\/novoportal\/wp-json\/wp\/v2\/tags?post=75255"}],"curies":[{"name":"wp","href":"https:\/\/api.w.org\/{rel}","templated":true}]}}