
{"id":75248,"date":"2018-09-19T12:37:29","date_gmt":"2018-09-19T15:37:29","guid":{"rendered":"http:\/\/www.sudoestehoje.com.br\/novoportal\/?p=75248"},"modified":"2018-09-19T12:37:29","modified_gmt":"2018-09-19T15:37:29","slug":"itapetinga-morre-aos-73-anos-o-pecuarista-inocencio-almeida-censo","status":"publish","type":"post","link":"https:\/\/www.sudoestehoje.com.br\/novoportal\/2018\/09\/19\/itapetinga-morre-aos-73-anos-o-pecuarista-inocencio-almeida-censo\/","title":{"rendered":"ITAPETINGA: MORRE, AOS 73 ANOS, O PECUARISTA INOC\u00caNCIO ALMEIDA &#8220;CENSO&#8221;"},"content":{"rendered":"<p><a href=\"http:\/\/www.sudoestehoje.com.br\/novoportal\/wp-content\/uploads\/2018\/09\/censo.jpg\"><img loading=\"lazy\" decoding=\"async\" class=\"aligncenter size-medium wp-image-75249\" src=\"http:\/\/www.sudoestehoje.com.br\/novoportal\/wp-content\/uploads\/2018\/09\/censo-500x397.jpg\" alt=\"\" width=\"500\" height=\"397\" srcset=\"https:\/\/www.sudoestehoje.com.br\/novoportal\/wp-content\/uploads\/2018\/09\/censo-500x397.jpg 500w, https:\/\/www.sudoestehoje.com.br\/novoportal\/wp-content\/uploads\/2018\/09\/censo-768x610.jpg 768w, https:\/\/www.sudoestehoje.com.br\/novoportal\/wp-content\/uploads\/2018\/09\/censo-700x556.jpg 700w, https:\/\/www.sudoestehoje.com.br\/novoportal\/wp-content\/uploads\/2018\/09\/censo.jpg 960w\" sizes=\"auto, (max-width: 500px) 100vw, 500px\" \/><\/a><\/p>\n<p>Com profundo pesar, comunicamos o falecimento do pecuarista Inoc\u00eancio Oliveira de Almeida, aos 73 anos, mais conhecido por Censo. Veio a \u00f3bito na manh\u00e3 desta quarta-feira, na cl\u00ednica onde estava hospitalizado.<\/p>\n<p>Aqueles que desejarem prestar as \u00faltimas homenagens, o vel\u00f3rio ser\u00e1 realizado na Primeira Igreja Batista, localizada na Pra\u00e7a Augusto de Carvalho, \u00e0 partir das 14:00 horas. O sepultamento ser\u00e1 amanh\u00e3, dia 20 \u00e0s 10:00 horas no Cemit\u00e9rio Central, Bairro Camac\u00e3.<\/p>\n<p>Inoc\u00eancio deixa a esposa Nilza, filhos: S\u00e9rgio, Luciano, Liliana e Suzana, netos, genros, nora e demais familiares.<\/p>\n<p>O <em>Sudoeste Hoje<\/em> manifesta o seu imenso pesar pela perda irrepar\u00e1vel do grande amigo Censo, estendendo as suas condol\u00eancias aos familiares e amigos.<\/p>\n<p>&#8220;Quem cr\u00ea em mim, ainda que esteja morto, viver\u00e1.&#8221; Jo\u00e3o 11:25.<\/p>\n<p><strong><em>Davi Ferraz &#8211; Editor<\/em><\/strong><\/p>\n","protected":false},"excerpt":{"rendered":"<p>Com profundo pesar, comunicamos o falecimento do pecuarista Inoc\u00eancio Oliveira de Almeida, aos 73 anos, mais conhecido por Censo. Veio a \u00f3bito na manh\u00e3 desta quarta-feira, na cl\u00ednica onde estava hospitalizado. Aqueles que desejarem prestar as \u00faltimas homenagens, o vel\u00f3rio ser\u00e1 realizado na Primeira Igreja Batista, localizada na Pra\u00e7a Augusto de Carvalho, \u00e0 partir das [&hellip;]<\/p>\n","protected":false},"author":2,"featured_media":75249,"comment_status":"open","ping_status":"open","sticky":false,"template":"","format":"standard","meta":{"footnotes":"","_links_to":"","_links_to_target":""},"categories":[1],"tags":[],"class_list":["post-75248","post","type-post","status-publish","format-standard","has-post-thumbnail","hentry","category-geral"],"views":3683,"_links":{"self":[{"href":"https:\/\/www.sudoestehoje.com.br\/novoportal\/wp-json\/wp\/v2\/posts\/75248","targetHints":{"allow":["GET"]}}],"collection":[{"href":"https:\/\/www.sudoestehoje.com.br\/novoportal\/wp-json\/wp\/v2\/posts"}],"about":[{"href":"https:\/\/www.sudoestehoje.com.br\/novoportal\/wp-json\/wp\/v2\/types\/post"}],"author":[{"embeddable":true,"href":"https:\/\/www.sudoestehoje.com.br\/novoportal\/wp-json\/wp\/v2\/users\/2"}],"replies":[{"embeddable":true,"href":"https:\/\/www.sudoestehoje.com.br\/novoportal\/wp-json\/wp\/v2\/comments?post=75248"}],"version-history":[{"count":2,"href":"https:\/\/www.sudoestehoje.com.br\/novoportal\/wp-json\/wp\/v2\/posts\/75248\/revisions"}],"predecessor-version":[{"id":75251,"href":"https:\/\/www.sudoestehoje.com.br\/novoportal\/wp-json\/wp\/v2\/posts\/75248\/revisions\/75251"}],"wp:featuredmedia":[{"embeddable":true,"href":"https:\/\/www.sudoestehoje.com.br\/novoportal\/wp-json\/wp\/v2\/media\/75249"}],"wp:attachment":[{"href":"https:\/\/www.sudoestehoje.com.br\/novoportal\/wp-json\/wp\/v2\/media?parent=75248"}],"wp:term":[{"taxonomy":"category","embeddable":true,"href":"https:\/\/www.sudoestehoje.com.br\/novoportal\/wp-json\/wp\/v2\/categories?post=75248"},{"taxonomy":"post_tag","embeddable":true,"href":"https:\/\/www.sudoestehoje.com.br\/novoportal\/wp-json\/wp\/v2\/tags?post=75248"}],"curies":[{"name":"wp","href":"https:\/\/api.w.org\/{rel}","templated":true}]}}