
{"id":75233,"date":"2018-09-18T23:12:37","date_gmt":"2018-09-19T02:12:37","guid":{"rendered":"http:\/\/www.sudoestehoje.com.br\/novoportal\/?p=75233"},"modified":"2018-09-18T23:29:28","modified_gmt":"2018-09-19T02:29:28","slug":"morador-de-itabuna-usa-outdoors-para-encontrar-periquito-de-estimacao","status":"publish","type":"post","link":"https:\/\/www.sudoestehoje.com.br\/novoportal\/2018\/09\/18\/morador-de-itabuna-usa-outdoors-para-encontrar-periquito-de-estimacao\/","title":{"rendered":"MORADOR DE ITABUNA USA OUTDOORS PARA ENCONTRAR &#8216;PERIQUITA&#8217; DE ESTIMA\u00c7\u00c3O"},"content":{"rendered":"<div class=\"mc-column content-text active-extra-styles active-capital-letter\" data-block-type=\"unstyled\" data-block-weight=\"47\" data-block-id=\"2\">\n<p class=\"content-text__container theme-color-primary-first-letter\" data-track-category=\"Link no Texto\" data-track-links=\"\"><a href=\"http:\/\/www.sudoestehoje.com.br\/novoportal\/wp-content\/uploads\/2018\/09\/PERIQUITA.jpg\"><img loading=\"lazy\" decoding=\"async\" class=\"aligncenter size-medium wp-image-75238\" src=\"http:\/\/www.sudoestehoje.com.br\/novoportal\/wp-content\/uploads\/2018\/09\/PERIQUITA-500x287.jpg\" alt=\"\" width=\"500\" height=\"287\" srcset=\"https:\/\/www.sudoestehoje.com.br\/novoportal\/wp-content\/uploads\/2018\/09\/PERIQUITA-500x287.jpg 500w, https:\/\/www.sudoestehoje.com.br\/novoportal\/wp-content\/uploads\/2018\/09\/PERIQUITA-768x440.jpg 768w, https:\/\/www.sudoestehoje.com.br\/novoportal\/wp-content\/uploads\/2018\/09\/PERIQUITA-700x401.jpg 700w, https:\/\/www.sudoestehoje.com.br\/novoportal\/wp-content\/uploads\/2018\/09\/PERIQUITA.jpg 780w\" sizes=\"auto, (max-width: 500px) 100vw, 500px\" \/><\/a><\/p>\n<p class=\"content-text__container theme-color-primary-first-letter\" data-track-category=\"Link no Texto\" data-track-links=\"\">Um funcion\u00e1rio p\u00fablico de Itabuna, no sul da Bahia, mobilizou a cidade em busca da periquita Tet\u00ea, seu animal de estima\u00e7\u00e3o. Ele fez campanha nas redes sociais e chegou a colocar um outdoor na rua para tentar encontrar a ave, que \u00e9 uma f\u00eamea da esp\u00e9cie periquito-rei.<\/p>\n<\/div>\n<div class=\"wall\">\n<div class=\"mc-column content-text active-extra-styles \" data-block-type=\"unstyled\" data-block-weight=\"27\" data-block-id=\"3\">\n<p class=\"content-text__container \" data-track-category=\"Link no Texto\" data-track-links=\"\">Tet\u00ea est\u00e1 desaparecida h\u00e1 pouco mais de dois meses. O tutor, o funcion\u00e1rio p\u00fablico F\u00e1bio Quintas, ofereceu a recompensa de R$ 500 para quem encontrar o bichinho.<\/p>\n<p class=\"content-text__container \" data-track-category=\"Link no Texto\" data-track-links=\"\"><a href=\"http:\/\/www.sudoestehoje.com.br\/novoportal\/wp-content\/uploads\/2018\/09\/OUTDOOR.jpg\"><img loading=\"lazy\" decoding=\"async\" class=\"aligncenter size-medium wp-image-75242\" src=\"http:\/\/www.sudoestehoje.com.br\/novoportal\/wp-content\/uploads\/2018\/09\/OUTDOOR-500x281.jpg\" alt=\"\" width=\"500\" height=\"281\" srcset=\"https:\/\/www.sudoestehoje.com.br\/novoportal\/wp-content\/uploads\/2018\/09\/OUTDOOR-500x281.jpg 500w, https:\/\/www.sudoestehoje.com.br\/novoportal\/wp-content\/uploads\/2018\/09\/OUTDOOR-768x432.jpg 768w, https:\/\/www.sudoestehoje.com.br\/novoportal\/wp-content\/uploads\/2018\/09\/OUTDOOR-700x394.jpg 700w, https:\/\/www.sudoestehoje.com.br\/novoportal\/wp-content\/uploads\/2018\/09\/OUTDOOR.jpg 1280w\" sizes=\"auto, (max-width: 500px) 100vw, 500px\" \/><\/a><\/p>\n<\/div>\n<div class=\"mc-column content-text active-extra-styles \" data-block-type=\"unstyled\" data-block-weight=\"53\" data-block-id=\"4\">\n<p class=\"content-text__container \" data-track-category=\"Link no Texto\" data-track-links=\"\">A periquita sumiu no dia 15 de julho, quando houve uma explos\u00e3o forte em uma refinaria de pneus que fica perto da casa de F\u00e1bio. Tet\u00ea se assustou com o barulho e voou pela janela. F\u00e1bio disse que \u00e9 a terceira vez que ela sai, s\u00f3 que nunca ficou desaparecida por tanto tempo.<\/p>\n<\/div>\n<\/div>\n","protected":false},"excerpt":{"rendered":"<p>Um funcion\u00e1rio p\u00fablico de Itabuna, no sul da Bahia, mobilizou a cidade em busca da periquita Tet\u00ea, seu animal de estima\u00e7\u00e3o. Ele fez campanha nas redes sociais e chegou a colocar um outdoor na rua para tentar encontrar a ave, que \u00e9 uma f\u00eamea da esp\u00e9cie periquito-rei. Tet\u00ea est\u00e1 desaparecida h\u00e1 pouco mais de dois [&hellip;]<\/p>\n","protected":false},"author":2,"featured_media":75238,"comment_status":"open","ping_status":"open","sticky":false,"template":"","format":"standard","meta":{"footnotes":"","_links_to":"","_links_to_target":""},"categories":[1],"tags":[],"class_list":["post-75233","post","type-post","status-publish","format-standard","has-post-thumbnail","hentry","category-geral"],"views":1069,"_links":{"self":[{"href":"https:\/\/www.sudoestehoje.com.br\/novoportal\/wp-json\/wp\/v2\/posts\/75233","targetHints":{"allow":["GET"]}}],"collection":[{"href":"https:\/\/www.sudoestehoje.com.br\/novoportal\/wp-json\/wp\/v2\/posts"}],"about":[{"href":"https:\/\/www.sudoestehoje.com.br\/novoportal\/wp-json\/wp\/v2\/types\/post"}],"author":[{"embeddable":true,"href":"https:\/\/www.sudoestehoje.com.br\/novoportal\/wp-json\/wp\/v2\/users\/2"}],"replies":[{"embeddable":true,"href":"https:\/\/www.sudoestehoje.com.br\/novoportal\/wp-json\/wp\/v2\/comments?post=75233"}],"version-history":[{"count":8,"href":"https:\/\/www.sudoestehoje.com.br\/novoportal\/wp-json\/wp\/v2\/posts\/75233\/revisions"}],"predecessor-version":[{"id":75243,"href":"https:\/\/www.sudoestehoje.com.br\/novoportal\/wp-json\/wp\/v2\/posts\/75233\/revisions\/75243"}],"wp:featuredmedia":[{"embeddable":true,"href":"https:\/\/www.sudoestehoje.com.br\/novoportal\/wp-json\/wp\/v2\/media\/75238"}],"wp:attachment":[{"href":"https:\/\/www.sudoestehoje.com.br\/novoportal\/wp-json\/wp\/v2\/media?parent=75233"}],"wp:term":[{"taxonomy":"category","embeddable":true,"href":"https:\/\/www.sudoestehoje.com.br\/novoportal\/wp-json\/wp\/v2\/categories?post=75233"},{"taxonomy":"post_tag","embeddable":true,"href":"https:\/\/www.sudoestehoje.com.br\/novoportal\/wp-json\/wp\/v2\/tags?post=75233"}],"curies":[{"name":"wp","href":"https:\/\/api.w.org\/{rel}","templated":true}]}}