
{"id":75223,"date":"2018-09-18T19:44:42","date_gmt":"2018-09-18T22:44:42","guid":{"rendered":"http:\/\/www.sudoestehoje.com.br\/novoportal\/?p=75223"},"modified":"2018-09-18T19:44:42","modified_gmt":"2018-09-18T22:44:42","slug":"ibope-senado-bahia-wagner-41-lazaro-22-coronel-15-e-jutahy-11","status":"publish","type":"post","link":"https:\/\/www.sudoestehoje.com.br\/novoportal\/2018\/09\/18\/ibope-senado-bahia-wagner-41-lazaro-22-coronel-15-e-jutahy-11\/","title":{"rendered":"IBOPE SENADO BAHIA: WAGNER 41%, L\u00c1ZARO 22%, CORONEL 15% E JUTAHY 11%"},"content":{"rendered":"<p><strong><a href=\"http:\/\/www.sudoestehoje.com.br\/novoportal\/wp-content\/uploads\/2018\/09\/Candidatos-Senado-2018.jpg\"><img loading=\"lazy\" decoding=\"async\" class=\"aligncenter size-medium wp-image-75224\" src=\"http:\/\/www.sudoestehoje.com.br\/novoportal\/wp-content\/uploads\/2018\/09\/Candidatos-Senado-2018-500x350.jpg\" alt=\"\" width=\"500\" height=\"350\" srcset=\"https:\/\/www.sudoestehoje.com.br\/novoportal\/wp-content\/uploads\/2018\/09\/Candidatos-Senado-2018-500x350.jpg 500w, https:\/\/www.sudoestehoje.com.br\/novoportal\/wp-content\/uploads\/2018\/09\/Candidatos-Senado-2018.jpg 600w\" sizes=\"auto, (max-width: 500px) 100vw, 500px\" \/><\/a><\/strong><\/p>\n<div class=\"mc-column content-text active-extra-styles active-capital-letter\" data-block-type=\"unstyled\" data-block-weight=\"19\" data-block-id=\"1\">\n<p class=\"content-text__container theme-color-primary-first-letter\" data-track-category=\"Link no Texto\" data-track-links=\"\">Pesquisa Ibope divulgada nesta ter\u00e7a-feira (18) aponta os seguintes percentuais de inten\u00e7\u00e3o de voto para o Senado na Bahia.<\/p>\n<\/div>\n<div class=\"wall\">\n<div class=\"mc-column content-text active-extra-styles\" data-block-type=\"raw\" data-block-weight=\"65\" data-block-id=\"2\">\n<ul class=\"content-unordered-list\">\n<li>Jaques Wagner (PT): 41%<\/li>\n<li>Irm\u00e3o L\u00e1zaro (PSC): 22%<\/li>\n<li>\u00c2ngelo Coronel (PSD): 15%<\/li>\n<li>Jutahy Magalh\u00e3es J\u00fanior (PSDB): 11%<\/li>\n<li>Jorge Vianna (MDB): 4%<\/li>\n<li>F\u00e1bio Nogueira (PSOL): 4%<\/li>\n<li>Marcos Maur\u00edcio (DC): 3%<\/li>\n<li>Comandante Rangel (PSL): 3%<\/li>\n<li>Francisco Jos\u00e9 (Rede): 1%<\/li>\n<li>Adroaldo dos Santos (PCO): 1%<\/li>\n<li>Celsinho Cotrim (PRTB): 0%<\/li>\n<li>Brancos e nulos para a 1\u00aa vaga: 21%<\/li>\n<li>Brancos e nulos para a 2\u00aa vaga: 32%<\/li>\n<li>N\u00e3o sabe: 41%<\/li>\n<\/ul>\n<\/div>\n<\/div>\n","protected":false},"excerpt":{"rendered":"<p>Pesquisa Ibope divulgada nesta ter\u00e7a-feira (18) aponta os seguintes percentuais de inten\u00e7\u00e3o de voto para o Senado na Bahia. Jaques Wagner (PT): 41% Irm\u00e3o L\u00e1zaro (PSC): 22% \u00c2ngelo Coronel (PSD): 15% Jutahy Magalh\u00e3es J\u00fanior (PSDB): 11% Jorge Vianna (MDB): 4% F\u00e1bio Nogueira (PSOL): 4% Marcos Maur\u00edcio (DC): 3% Comandante Rangel (PSL): 3% Francisco Jos\u00e9 (Rede): [&hellip;]<\/p>\n","protected":false},"author":2,"featured_media":75224,"comment_status":"open","ping_status":"open","sticky":false,"template":"","format":"standard","meta":{"footnotes":"","_links_to":"","_links_to_target":""},"categories":[1],"tags":[],"class_list":["post-75223","post","type-post","status-publish","format-standard","has-post-thumbnail","hentry","category-geral"],"views":1223,"_links":{"self":[{"href":"https:\/\/www.sudoestehoje.com.br\/novoportal\/wp-json\/wp\/v2\/posts\/75223","targetHints":{"allow":["GET"]}}],"collection":[{"href":"https:\/\/www.sudoestehoje.com.br\/novoportal\/wp-json\/wp\/v2\/posts"}],"about":[{"href":"https:\/\/www.sudoestehoje.com.br\/novoportal\/wp-json\/wp\/v2\/types\/post"}],"author":[{"embeddable":true,"href":"https:\/\/www.sudoestehoje.com.br\/novoportal\/wp-json\/wp\/v2\/users\/2"}],"replies":[{"embeddable":true,"href":"https:\/\/www.sudoestehoje.com.br\/novoportal\/wp-json\/wp\/v2\/comments?post=75223"}],"version-history":[{"count":1,"href":"https:\/\/www.sudoestehoje.com.br\/novoportal\/wp-json\/wp\/v2\/posts\/75223\/revisions"}],"predecessor-version":[{"id":75225,"href":"https:\/\/www.sudoestehoje.com.br\/novoportal\/wp-json\/wp\/v2\/posts\/75223\/revisions\/75225"}],"wp:featuredmedia":[{"embeddable":true,"href":"https:\/\/www.sudoestehoje.com.br\/novoportal\/wp-json\/wp\/v2\/media\/75224"}],"wp:attachment":[{"href":"https:\/\/www.sudoestehoje.com.br\/novoportal\/wp-json\/wp\/v2\/media?parent=75223"}],"wp:term":[{"taxonomy":"category","embeddable":true,"href":"https:\/\/www.sudoestehoje.com.br\/novoportal\/wp-json\/wp\/v2\/categories?post=75223"},{"taxonomy":"post_tag","embeddable":true,"href":"https:\/\/www.sudoestehoje.com.br\/novoportal\/wp-json\/wp\/v2\/tags?post=75223"}],"curies":[{"name":"wp","href":"https:\/\/api.w.org\/{rel}","templated":true}]}}