
{"id":75219,"date":"2018-09-18T19:00:29","date_gmt":"2018-09-18T22:00:29","guid":{"rendered":"http:\/\/www.sudoestehoje.com.br\/novoportal\/?p=75219"},"modified":"2018-09-18T19:00:29","modified_gmt":"2018-09-18T22:00:29","slug":"segundo-ibope-rui-costa-lidera-corrida-ao-governo-com-60-contra-7-de-ze-ronaldo","status":"publish","type":"post","link":"https:\/\/www.sudoestehoje.com.br\/novoportal\/2018\/09\/18\/segundo-ibope-rui-costa-lidera-corrida-ao-governo-com-60-contra-7-de-ze-ronaldo\/","title":{"rendered":"SEGUNDO IBOPE, RUI COSTA LIDERA CORRIDA AO GOVERNO COM 60% CONTRA 7% DE Z\u00c9 RONALDO"},"content":{"rendered":"<p><a href=\"http:\/\/www.sudoestehoje.com.br\/novoportal\/wp-content\/uploads\/2018\/09\/RUI-E-Z\u00c9.jpg\"><img loading=\"lazy\" decoding=\"async\" class=\"aligncenter size-medium wp-image-75221\" src=\"http:\/\/www.sudoestehoje.com.br\/novoportal\/wp-content\/uploads\/2018\/09\/RUI-E-Z\u00c9-500x281.jpg\" alt=\"\" width=\"500\" height=\"281\" srcset=\"https:\/\/www.sudoestehoje.com.br\/novoportal\/wp-content\/uploads\/2018\/09\/RUI-E-Z\u00c9-500x281.jpg 500w, https:\/\/www.sudoestehoje.com.br\/novoportal\/wp-content\/uploads\/2018\/09\/RUI-E-Z\u00c9-768x431.jpg 768w, https:\/\/www.sudoestehoje.com.br\/novoportal\/wp-content\/uploads\/2018\/09\/RUI-E-Z\u00c9-700x393.jpg 700w, https:\/\/www.sudoestehoje.com.br\/novoportal\/wp-content\/uploads\/2018\/09\/RUI-E-Z\u00c9.jpg 890w\" sizes=\"auto, (max-width: 500px) 100vw, 500px\" \/><\/a><\/p>\n<p>O governador e candidato \u00e0 reelei\u00e7\u00e3o pelo PT, Rui Costa, lidera a corrida pelo governo do estado com 60% das inten\u00e7\u00f5es de voto, conforme pesquisa Ibope divulgada nesta ter\u00e7a-feira (18). Caso o levantamento se confirme nas urnas, ele venceria o pleito ainda no primeiro turno. O segundo colocado no levantamento \u00e9 o candidato do DEM, Z\u00e9 Ronaldo, com 7%.<\/p>\n<p>A margem de erro da pesquisa \u00e9 de 3 pontos percentuais para mais ou para menos e o n\u00edvel de confian\u00e7a \u00e9 de 95%. O Ibope entrevistou 1.008 pessoas entre os dias 15 e 17 de setembro e protocolou o levantamento no Tribunal Regional Eleitoral (TRE) sob o registro 01723\/2018 e no Tribunal Superior Eleitoral (TSE) sob o registro 03445\/2018.<\/p>\n<p>Em compara\u00e7\u00e3o com a primeira pesquisa para o governo da Bahia divulgada pelo Ibope, Rui Costa cresceu 10% e foi o \u00fanico candidato que apresentou varia\u00e7\u00e3o acima da margem de erro. J\u00e1 Z\u00e9 Ronaldo caiu 1% em rela\u00e7\u00e3o \u00e0 pesquisa feita entre os dias 19 e 21 de agosto.<\/p>\n<p>Rui Costa (PT): 60%<br \/>\nJos\u00e9 Ronaldo (DEM): 7%<br \/>\nJo\u00e3o Henrique (PRTB): 2%<br \/>\nMarcos Mendes (PSOL): 1%<br \/>\nC\u00e9lia Sacramento (Rede): 1%<br \/>\nJo\u00e3o Santana (MDB): 1%<br \/>\nOrlando Andrade (PCO): 1%<br \/>\nBrancos\/Nulos: 17%<br \/>\nN\u00e3o sabe: 10%<\/p>\n","protected":false},"excerpt":{"rendered":"<p>O governador e candidato \u00e0 reelei\u00e7\u00e3o pelo PT, Rui Costa, lidera a corrida pelo governo do estado com 60% das inten\u00e7\u00f5es de voto, conforme pesquisa Ibope divulgada nesta ter\u00e7a-feira (18). Caso o levantamento se confirme nas urnas, ele venceria o pleito ainda no primeiro turno. O segundo colocado no levantamento \u00e9 o candidato do DEM, [&hellip;]<\/p>\n","protected":false},"author":2,"featured_media":75221,"comment_status":"open","ping_status":"open","sticky":false,"template":"","format":"standard","meta":{"footnotes":"","_links_to":"","_links_to_target":""},"categories":[1],"tags":[],"class_list":["post-75219","post","type-post","status-publish","format-standard","has-post-thumbnail","hentry","category-geral"],"views":1376,"_links":{"self":[{"href":"https:\/\/www.sudoestehoje.com.br\/novoportal\/wp-json\/wp\/v2\/posts\/75219","targetHints":{"allow":["GET"]}}],"collection":[{"href":"https:\/\/www.sudoestehoje.com.br\/novoportal\/wp-json\/wp\/v2\/posts"}],"about":[{"href":"https:\/\/www.sudoestehoje.com.br\/novoportal\/wp-json\/wp\/v2\/types\/post"}],"author":[{"embeddable":true,"href":"https:\/\/www.sudoestehoje.com.br\/novoportal\/wp-json\/wp\/v2\/users\/2"}],"replies":[{"embeddable":true,"href":"https:\/\/www.sudoestehoje.com.br\/novoportal\/wp-json\/wp\/v2\/comments?post=75219"}],"version-history":[{"count":2,"href":"https:\/\/www.sudoestehoje.com.br\/novoportal\/wp-json\/wp\/v2\/posts\/75219\/revisions"}],"predecessor-version":[{"id":75222,"href":"https:\/\/www.sudoestehoje.com.br\/novoportal\/wp-json\/wp\/v2\/posts\/75219\/revisions\/75222"}],"wp:featuredmedia":[{"embeddable":true,"href":"https:\/\/www.sudoestehoje.com.br\/novoportal\/wp-json\/wp\/v2\/media\/75221"}],"wp:attachment":[{"href":"https:\/\/www.sudoestehoje.com.br\/novoportal\/wp-json\/wp\/v2\/media?parent=75219"}],"wp:term":[{"taxonomy":"category","embeddable":true,"href":"https:\/\/www.sudoestehoje.com.br\/novoportal\/wp-json\/wp\/v2\/categories?post=75219"},{"taxonomy":"post_tag","embeddable":true,"href":"https:\/\/www.sudoestehoje.com.br\/novoportal\/wp-json\/wp\/v2\/tags?post=75219"}],"curies":[{"name":"wp","href":"https:\/\/api.w.org\/{rel}","templated":true}]}}