
{"id":75216,"date":"2018-09-18T09:42:32","date_gmt":"2018-09-18T12:42:32","guid":{"rendered":"http:\/\/www.sudoestehoje.com.br\/novoportal\/?p=75216"},"modified":"2018-09-18T09:43:49","modified_gmt":"2018-09-18T12:43:49","slug":"advogado-baiano-filho-de-ministro-do-tcu-e-alvo-de-operacao-da-policia-federal","status":"publish","type":"post","link":"https:\/\/www.sudoestehoje.com.br\/novoportal\/2018\/09\/18\/advogado-baiano-filho-de-ministro-do-tcu-e-alvo-de-operacao-da-policia-federal\/","title":{"rendered":"ADVOGADO BAIANO FILHO DE MINISTRO DO TCU \u00c9 ALVO DE OPERA\u00c7\u00c3O DA POL\u00cdCIA FEDERAL"},"content":{"rendered":"<p><a href=\"http:\/\/www.sudoestehoje.com.br\/novoportal\/wp-content\/uploads\/2018\/09\/tiago-cedraz.jpg\"><img loading=\"lazy\" decoding=\"async\" class=\"aligncenter size-medium wp-image-75217\" src=\"http:\/\/www.sudoestehoje.com.br\/novoportal\/wp-content\/uploads\/2018\/09\/tiago-cedraz-500x281.jpg\" alt=\"\" width=\"500\" height=\"281\" srcset=\"https:\/\/www.sudoestehoje.com.br\/novoportal\/wp-content\/uploads\/2018\/09\/tiago-cedraz-500x281.jpg 500w, https:\/\/www.sudoestehoje.com.br\/novoportal\/wp-content\/uploads\/2018\/09\/tiago-cedraz-768x432.jpg 768w, https:\/\/www.sudoestehoje.com.br\/novoportal\/wp-content\/uploads\/2018\/09\/tiago-cedraz-700x394.jpg 700w, https:\/\/www.sudoestehoje.com.br\/novoportal\/wp-content\/uploads\/2018\/09\/tiago-cedraz.jpg 1280w\" sizes=\"auto, (max-width: 500px) 100vw, 500px\" \/><\/a><\/p>\n<p>O advogado Tiago Cedraz, filho do ministro do Tribunal de Contas da Uni\u00e3o (TCU) Aroldo Cedraz, \u00e9 um dos alvos da quarta fase da Opera\u00e7\u00e3o Registro Esp\u00fario, que apura irregularidades na Conta Especial Emprego e Sal\u00e1rio (CEES), segundo a Rede Globo. A opera\u00e7\u00e3o foi deflagrada pela Pol\u00edcia Federal na manh\u00e3 desta ter\u00e7a (18).<\/p>\n<p>De acordo com a emissora de televis\u00e3o, Tiago foi alvo de mandado de busca e apreens\u00e3o em seu apartamento e escrit\u00f3rio, al\u00e9m de ser ouvido pela Pol\u00edcia Federal. O s\u00f3cio Bruno Galiano \u00e9 alvo de pris\u00e3o tempor\u00e1ria, enquanto o chefe de gabinete do deputado federal Paulinho da For\u00e7a (SD), Marcelo Cavalcante, \u00e9 alvo de mandado de busca.<\/p>\n<p>Ao todo, a PF cumpre 15 mandados de busca e apreens\u00e3o e 9 de pris\u00f5es tempor\u00e1rias. A Opera\u00e7\u00e3o Registro Esp\u00fario investiga irregularidades no \u00e2mbito do Minist\u00e9rio do Trabalho e Emprego.<\/p>\n","protected":false},"excerpt":{"rendered":"<p>O advogado Tiago Cedraz, filho do ministro do Tribunal de Contas da Uni\u00e3o (TCU) Aroldo Cedraz, \u00e9 um dos alvos da quarta fase da Opera\u00e7\u00e3o Registro Esp\u00fario, que apura irregularidades na Conta Especial Emprego e Sal\u00e1rio (CEES), segundo a Rede Globo. A opera\u00e7\u00e3o foi deflagrada pela Pol\u00edcia Federal na manh\u00e3 desta ter\u00e7a (18). De acordo [&hellip;]<\/p>\n","protected":false},"author":2,"featured_media":75217,"comment_status":"open","ping_status":"open","sticky":false,"template":"","format":"standard","meta":{"footnotes":"","_links_to":"","_links_to_target":""},"categories":[1],"tags":[],"class_list":["post-75216","post","type-post","status-publish","format-standard","has-post-thumbnail","hentry","category-geral"],"views":1310,"_links":{"self":[{"href":"https:\/\/www.sudoestehoje.com.br\/novoportal\/wp-json\/wp\/v2\/posts\/75216","targetHints":{"allow":["GET"]}}],"collection":[{"href":"https:\/\/www.sudoestehoje.com.br\/novoportal\/wp-json\/wp\/v2\/posts"}],"about":[{"href":"https:\/\/www.sudoestehoje.com.br\/novoportal\/wp-json\/wp\/v2\/types\/post"}],"author":[{"embeddable":true,"href":"https:\/\/www.sudoestehoje.com.br\/novoportal\/wp-json\/wp\/v2\/users\/2"}],"replies":[{"embeddable":true,"href":"https:\/\/www.sudoestehoje.com.br\/novoportal\/wp-json\/wp\/v2\/comments?post=75216"}],"version-history":[{"count":1,"href":"https:\/\/www.sudoestehoje.com.br\/novoportal\/wp-json\/wp\/v2\/posts\/75216\/revisions"}],"predecessor-version":[{"id":75218,"href":"https:\/\/www.sudoestehoje.com.br\/novoportal\/wp-json\/wp\/v2\/posts\/75216\/revisions\/75218"}],"wp:featuredmedia":[{"embeddable":true,"href":"https:\/\/www.sudoestehoje.com.br\/novoportal\/wp-json\/wp\/v2\/media\/75217"}],"wp:attachment":[{"href":"https:\/\/www.sudoestehoje.com.br\/novoportal\/wp-json\/wp\/v2\/media?parent=75216"}],"wp:term":[{"taxonomy":"category","embeddable":true,"href":"https:\/\/www.sudoestehoje.com.br\/novoportal\/wp-json\/wp\/v2\/categories?post=75216"},{"taxonomy":"post_tag","embeddable":true,"href":"https:\/\/www.sudoestehoje.com.br\/novoportal\/wp-json\/wp\/v2\/tags?post=75216"}],"curies":[{"name":"wp","href":"https:\/\/api.w.org\/{rel}","templated":true}]}}