
{"id":75199,"date":"2018-09-17T11:20:15","date_gmt":"2018-09-17T14:20:15","guid":{"rendered":"http:\/\/www.sudoestehoje.com.br\/novoportal\/?p=75199"},"modified":"2018-09-17T11:20:15","modified_gmt":"2018-09-17T14:20:15","slug":"campanha-de-vacinacao-contra-polio-e-sarampo-e-prorrogada-ate-sexta-na-bahia","status":"publish","type":"post","link":"https:\/\/www.sudoestehoje.com.br\/novoportal\/2018\/09\/17\/campanha-de-vacinacao-contra-polio-e-sarampo-e-prorrogada-ate-sexta-na-bahia\/","title":{"rendered":"CAMPANHA DE VACINA\u00c7\u00c3O CONTRA POLIO E SARAMPO \u00c9 PRORROGADA AT\u00c9 SEXTA NA BAHIA"},"content":{"rendered":"<div class=\"mc-column content-text active-extra-styles active-capital-letter\" data-block-type=\"unstyled\" data-block-weight=\"56\" data-block-id=\"2\">\n<p class=\"content-text__container theme-color-primary-first-letter\" data-track-category=\"Link no Texto\" data-track-links=\"\"><a href=\"http:\/\/www.sudoestehoje.com.br\/novoportal\/wp-content\/uploads\/2018\/09\/vacina-2.jpg\"><img loading=\"lazy\" decoding=\"async\" class=\"aligncenter size-medium wp-image-75201\" src=\"http:\/\/www.sudoestehoje.com.br\/novoportal\/wp-content\/uploads\/2018\/09\/vacina-2-500x302.jpg\" alt=\"\" width=\"500\" height=\"302\" srcset=\"https:\/\/www.sudoestehoje.com.br\/novoportal\/wp-content\/uploads\/2018\/09\/vacina-2-500x302.jpg 500w, https:\/\/www.sudoestehoje.com.br\/novoportal\/wp-content\/uploads\/2018\/09\/vacina-2-768x464.jpg 768w, https:\/\/www.sudoestehoje.com.br\/novoportal\/wp-content\/uploads\/2018\/09\/vacina-2-700x423.jpg 700w, https:\/\/www.sudoestehoje.com.br\/novoportal\/wp-content\/uploads\/2018\/09\/vacina-2.jpg 860w\" sizes=\"auto, (max-width: 500px) 100vw, 500px\" \/><\/a><\/p>\n<p class=\"content-text__container theme-color-primary-first-letter\" data-track-category=\"Link no Texto\" data-track-links=\"\">A campanha de vacina\u00e7\u00e3o contra a poliomielite e o sarampo foi prorrogada at\u00e9 sexta-feira (21) na Bahia. De acordo com a Secretaria da Sa\u00fade do Estado (Sesab), a decis\u00e3o foi tomada na manh\u00e3 desta segunda-feira (17) e tem como objetivo alcan\u00e7ar a meta de 95% de vacinados no estado. At\u00e9 agora, 92,57% do p\u00fablico-alvo foi imunizado.<\/p>\n<\/div>\n<div class=\"wall\">\n<div class=\"mc-column content-text active-extra-styles \" data-block-type=\"unstyled\" data-block-weight=\"33\" data-block-id=\"3\">\n<p class=\"content-text__container \" data-track-category=\"Link no Texto\" data-track-links=\"\">De acordo com Ramon Saavedra, coordenador do programa Estadual de Imuniza\u00e7\u00e3o, a orienta\u00e7\u00e3o \u00e9 de que os munic\u00edpios que ainda n\u00e3o atingiram a meta deem continuidade \u00e0 vacina\u00e7\u00e3o, conforme orienta\u00e7\u00f5es t\u00e9cnicas j\u00e1 estabelecidas.<\/p>\n<\/div>\n<div class=\"mc-column content-text active-extra-styles \" data-block-type=\"unstyled\" data-block-weight=\"46\" data-block-id=\"4\">\n<p class=\"content-text__container \" data-track-category=\"Link no Texto\" data-track-links=\"\">S\u00e3o 131 munic\u00edpios que ainda n\u00e3o conseguiram atingir a meta vacinal. Na Bahia, at\u00e9 o momento, 785.585 crian\u00e7as foram imunizadas contra a poliomielite e, 786.274 foram vacinadas contra o sarampo. A meta, tanto para polio como para sarampo, na Bahia, \u00e9 de 849.361 para cada vacina.<\/p>\n<\/div>\n<\/div>\n","protected":false},"excerpt":{"rendered":"<p>A campanha de vacina\u00e7\u00e3o contra a poliomielite e o sarampo foi prorrogada at\u00e9 sexta-feira (21) na Bahia. De acordo com a Secretaria da Sa\u00fade do Estado (Sesab), a decis\u00e3o foi tomada na manh\u00e3 desta segunda-feira (17) e tem como objetivo alcan\u00e7ar a meta de 95% de vacinados no estado. At\u00e9 agora, 92,57% do p\u00fablico-alvo foi [&hellip;]<\/p>\n","protected":false},"author":2,"featured_media":75201,"comment_status":"open","ping_status":"open","sticky":false,"template":"","format":"standard","meta":{"footnotes":"","_links_to":"","_links_to_target":""},"categories":[1],"tags":[],"class_list":["post-75199","post","type-post","status-publish","format-standard","has-post-thumbnail","hentry","category-geral"],"views":1287,"_links":{"self":[{"href":"https:\/\/www.sudoestehoje.com.br\/novoportal\/wp-json\/wp\/v2\/posts\/75199","targetHints":{"allow":["GET"]}}],"collection":[{"href":"https:\/\/www.sudoestehoje.com.br\/novoportal\/wp-json\/wp\/v2\/posts"}],"about":[{"href":"https:\/\/www.sudoestehoje.com.br\/novoportal\/wp-json\/wp\/v2\/types\/post"}],"author":[{"embeddable":true,"href":"https:\/\/www.sudoestehoje.com.br\/novoportal\/wp-json\/wp\/v2\/users\/2"}],"replies":[{"embeddable":true,"href":"https:\/\/www.sudoestehoje.com.br\/novoportal\/wp-json\/wp\/v2\/comments?post=75199"}],"version-history":[{"count":2,"href":"https:\/\/www.sudoestehoje.com.br\/novoportal\/wp-json\/wp\/v2\/posts\/75199\/revisions"}],"predecessor-version":[{"id":75202,"href":"https:\/\/www.sudoestehoje.com.br\/novoportal\/wp-json\/wp\/v2\/posts\/75199\/revisions\/75202"}],"wp:featuredmedia":[{"embeddable":true,"href":"https:\/\/www.sudoestehoje.com.br\/novoportal\/wp-json\/wp\/v2\/media\/75201"}],"wp:attachment":[{"href":"https:\/\/www.sudoestehoje.com.br\/novoportal\/wp-json\/wp\/v2\/media?parent=75199"}],"wp:term":[{"taxonomy":"category","embeddable":true,"href":"https:\/\/www.sudoestehoje.com.br\/novoportal\/wp-json\/wp\/v2\/categories?post=75199"},{"taxonomy":"post_tag","embeddable":true,"href":"https:\/\/www.sudoestehoje.com.br\/novoportal\/wp-json\/wp\/v2\/tags?post=75199"}],"curies":[{"name":"wp","href":"https:\/\/api.w.org\/{rel}","templated":true}]}}