
{"id":75195,"date":"2018-09-17T10:37:19","date_gmt":"2018-09-17T13:37:19","guid":{"rendered":"http:\/\/www.sudoestehoje.com.br\/novoportal\/?p=75195"},"modified":"2018-09-17T11:09:54","modified_gmt":"2018-09-17T14:09:54","slug":"medico-coordenador-das-upas-de-camacari-tem-mal-subito-e-morre-em-plantao","status":"publish","type":"post","link":"https:\/\/www.sudoestehoje.com.br\/novoportal\/2018\/09\/17\/medico-coordenador-das-upas-de-camacari-tem-mal-subito-e-morre-em-plantao\/","title":{"rendered":"M\u00c9DICO COORDENADOR DAS UPAs DE CAMA\u00c7ARI TEM MAL S\u00daBITO E MORRE NO PLANT\u00c3O"},"content":{"rendered":"<p><a href=\"http:\/\/www.sudoestehoje.com.br\/novoportal\/wp-content\/uploads\/2018\/09\/dr-artur.jpg\"><img loading=\"lazy\" decoding=\"async\" class=\"aligncenter size-medium wp-image-75196\" src=\"http:\/\/www.sudoestehoje.com.br\/novoportal\/wp-content\/uploads\/2018\/09\/dr-artur-500x499.jpg\" alt=\"\" width=\"500\" height=\"499\" srcset=\"https:\/\/www.sudoestehoje.com.br\/novoportal\/wp-content\/uploads\/2018\/09\/dr-artur-500x499.jpg 500w, https:\/\/www.sudoestehoje.com.br\/novoportal\/wp-content\/uploads\/2018\/09\/dr-artur-150x150.jpg 150w, https:\/\/www.sudoestehoje.com.br\/novoportal\/wp-content\/uploads\/2018\/09\/dr-artur.jpg 502w\" sizes=\"auto, (max-width: 500px) 100vw, 500px\" \/><\/a><\/p>\n<p>Um m\u00e9dico morreu ap\u00f3s sofrer um mal s\u00fabito quando trabalhava em uma unidade de sa\u00fade de Candeias, na Regi\u00e3o Metropolitana de Salvador (RMS). O fato ocorreu na madrugada deste domingo (16).<\/p>\n<p>Arthur Sampaio estava de plant\u00e3o na unidade quando sofreu um infarto antes de vir a \u00f3bito. Sampaio era coordenador da Rede de Urg\u00eancia e Emerg\u00eancia da Secretaria de Sa\u00fade de Cama\u00e7ari, tamb\u00e9m na RMS. Em nota, o prefeito\u00a0de Cama\u00e7ari, Elinaldo Ara\u00fajo,\u00a0lamentou o ocorrido.<\/p>\n<p>O corpo dele foi levado para o Instituto M\u00e9dico Legal (IML). Ainda n\u00e3o h\u00e1 informa\u00e7\u00f5es sobre vel\u00f3rio e sepultamento.<\/p>\n","protected":false},"excerpt":{"rendered":"<p>Um m\u00e9dico morreu ap\u00f3s sofrer um mal s\u00fabito quando trabalhava em uma unidade de sa\u00fade de Candeias, na Regi\u00e3o Metropolitana de Salvador (RMS). O fato ocorreu na madrugada deste domingo (16). Arthur Sampaio estava de plant\u00e3o na unidade quando sofreu um infarto antes de vir a \u00f3bito. Sampaio era coordenador da Rede de Urg\u00eancia e [&hellip;]<\/p>\n","protected":false},"author":2,"featured_media":75196,"comment_status":"open","ping_status":"open","sticky":false,"template":"","format":"standard","meta":{"footnotes":"","_links_to":"","_links_to_target":""},"categories":[1],"tags":[],"class_list":["post-75195","post","type-post","status-publish","format-standard","has-post-thumbnail","hentry","category-geral"],"views":4000,"_links":{"self":[{"href":"https:\/\/www.sudoestehoje.com.br\/novoportal\/wp-json\/wp\/v2\/posts\/75195","targetHints":{"allow":["GET"]}}],"collection":[{"href":"https:\/\/www.sudoestehoje.com.br\/novoportal\/wp-json\/wp\/v2\/posts"}],"about":[{"href":"https:\/\/www.sudoestehoje.com.br\/novoportal\/wp-json\/wp\/v2\/types\/post"}],"author":[{"embeddable":true,"href":"https:\/\/www.sudoestehoje.com.br\/novoportal\/wp-json\/wp\/v2\/users\/2"}],"replies":[{"embeddable":true,"href":"https:\/\/www.sudoestehoje.com.br\/novoportal\/wp-json\/wp\/v2\/comments?post=75195"}],"version-history":[{"count":2,"href":"https:\/\/www.sudoestehoje.com.br\/novoportal\/wp-json\/wp\/v2\/posts\/75195\/revisions"}],"predecessor-version":[{"id":75198,"href":"https:\/\/www.sudoestehoje.com.br\/novoportal\/wp-json\/wp\/v2\/posts\/75195\/revisions\/75198"}],"wp:featuredmedia":[{"embeddable":true,"href":"https:\/\/www.sudoestehoje.com.br\/novoportal\/wp-json\/wp\/v2\/media\/75196"}],"wp:attachment":[{"href":"https:\/\/www.sudoestehoje.com.br\/novoportal\/wp-json\/wp\/v2\/media?parent=75195"}],"wp:term":[{"taxonomy":"category","embeddable":true,"href":"https:\/\/www.sudoestehoje.com.br\/novoportal\/wp-json\/wp\/v2\/categories?post=75195"},{"taxonomy":"post_tag","embeddable":true,"href":"https:\/\/www.sudoestehoje.com.br\/novoportal\/wp-json\/wp\/v2\/tags?post=75195"}],"curies":[{"name":"wp","href":"https:\/\/api.w.org\/{rel}","templated":true}]}}