
{"id":75106,"date":"2018-09-12T23:27:11","date_gmt":"2018-09-13T02:27:11","guid":{"rendered":"http:\/\/www.sudoestehoje.com.br\/novoportal\/?p=75106"},"modified":"2018-09-12T23:50:57","modified_gmt":"2018-09-13T02:50:57","slug":"urgente-bolsonaro-passa-por-nova-cirurgia-de-emergencia-em-sao-paulo","status":"publish","type":"post","link":"https:\/\/www.sudoestehoje.com.br\/novoportal\/2018\/09\/12\/urgente-bolsonaro-passa-por-nova-cirurgia-de-emergencia-em-sao-paulo\/","title":{"rendered":"URGENTE! BOLSONARO PASSA POR NOVA CIRURGIA DE EMERG\u00caNCIA EM S\u00c3O PAULO"},"content":{"rendered":"<p><a href=\"http:\/\/www.sudoestehoje.com.br\/novoportal\/wp-content\/uploads\/2018\/09\/BOLSONARO-NOVA-CIRURGIA.jpg\"><img loading=\"lazy\" decoding=\"async\" class=\"aligncenter size-medium wp-image-75107\" src=\"http:\/\/www.sudoestehoje.com.br\/novoportal\/wp-content\/uploads\/2018\/09\/BOLSONARO-NOVA-CIRURGIA-500x333.jpg\" alt=\"\" width=\"500\" height=\"333\" srcset=\"https:\/\/www.sudoestehoje.com.br\/novoportal\/wp-content\/uploads\/2018\/09\/BOLSONARO-NOVA-CIRURGIA-500x333.jpg 500w, https:\/\/www.sudoestehoje.com.br\/novoportal\/wp-content\/uploads\/2018\/09\/BOLSONARO-NOVA-CIRURGIA.jpg 680w\" sizes=\"auto, (max-width: 500px) 100vw, 500px\" \/><\/a><\/p>\n<p>Jair Bolsonaro\u00a0passa por uma cirurgia de emerg\u00eancia na noite desta quarta-feira em S\u00e3o Paulo. Segundo o boletim m\u00e9dico do Hospital Israelita Albert Einstein, uma tomografia de abd\u00f4men presen\u00e7a de ader\u00eancia obstruindo o intestino delgado e por isso ele foi submetido \u00e0 interven\u00e7\u00e3o.<\/p>\n<div id=\"elpais_gpt-INTEXT\" data-google-query-id=\"CPWV-tH1tt0CFRCJwAodJ6kLmQ\">O candidato \u00e0 presid\u00eancia do PSL, alvo de uma facada na quinta-feira passada que atravessou v\u00e1rios \u00f3rg\u00e3os, vinha evoluindo bem at\u00e9 que nesta quarta teve uma piora, com a suspens\u00e3o da comida por via oral que havia sido iniciada.<\/div>\n<div data-google-query-id=\"CPWV-tH1tt0CFRCJwAodJ6kLmQ\"><\/div>\n","protected":false},"excerpt":{"rendered":"<p>Jair Bolsonaro\u00a0passa por uma cirurgia de emerg\u00eancia na noite desta quarta-feira em S\u00e3o Paulo. Segundo o boletim m\u00e9dico do Hospital Israelita Albert Einstein, uma tomografia de abd\u00f4men presen\u00e7a de ader\u00eancia obstruindo o intestino delgado e por isso ele foi submetido \u00e0 interven\u00e7\u00e3o. O candidato \u00e0 presid\u00eancia do PSL, alvo de uma facada na quinta-feira passada [&hellip;]<\/p>\n","protected":false},"author":2,"featured_media":75107,"comment_status":"open","ping_status":"open","sticky":false,"template":"","format":"standard","meta":{"footnotes":"","_links_to":"","_links_to_target":""},"categories":[1],"tags":[],"class_list":["post-75106","post","type-post","status-publish","format-standard","has-post-thumbnail","hentry","category-geral"],"views":1393,"_links":{"self":[{"href":"https:\/\/www.sudoestehoje.com.br\/novoportal\/wp-json\/wp\/v2\/posts\/75106","targetHints":{"allow":["GET"]}}],"collection":[{"href":"https:\/\/www.sudoestehoje.com.br\/novoportal\/wp-json\/wp\/v2\/posts"}],"about":[{"href":"https:\/\/www.sudoestehoje.com.br\/novoportal\/wp-json\/wp\/v2\/types\/post"}],"author":[{"embeddable":true,"href":"https:\/\/www.sudoestehoje.com.br\/novoportal\/wp-json\/wp\/v2\/users\/2"}],"replies":[{"embeddable":true,"href":"https:\/\/www.sudoestehoje.com.br\/novoportal\/wp-json\/wp\/v2\/comments?post=75106"}],"version-history":[{"count":4,"href":"https:\/\/www.sudoestehoje.com.br\/novoportal\/wp-json\/wp\/v2\/posts\/75106\/revisions"}],"predecessor-version":[{"id":75111,"href":"https:\/\/www.sudoestehoje.com.br\/novoportal\/wp-json\/wp\/v2\/posts\/75106\/revisions\/75111"}],"wp:featuredmedia":[{"embeddable":true,"href":"https:\/\/www.sudoestehoje.com.br\/novoportal\/wp-json\/wp\/v2\/media\/75107"}],"wp:attachment":[{"href":"https:\/\/www.sudoestehoje.com.br\/novoportal\/wp-json\/wp\/v2\/media?parent=75106"}],"wp:term":[{"taxonomy":"category","embeddable":true,"href":"https:\/\/www.sudoestehoje.com.br\/novoportal\/wp-json\/wp\/v2\/categories?post=75106"},{"taxonomy":"post_tag","embeddable":true,"href":"https:\/\/www.sudoestehoje.com.br\/novoportal\/wp-json\/wp\/v2\/tags?post=75106"}],"curies":[{"name":"wp","href":"https:\/\/api.w.org\/{rel}","templated":true}]}}