
{"id":75097,"date":"2018-09-12T22:31:21","date_gmt":"2018-09-13T01:31:21","guid":{"rendered":"http:\/\/www.sudoestehoje.com.br\/novoportal\/?p=75097"},"modified":"2018-09-12T22:31:21","modified_gmt":"2018-09-13T01:31:21","slug":"macarani-prefeito-entrega-ambulancia-nova-ao-distrito-de-itabai-neste-domingo","status":"publish","type":"post","link":"https:\/\/www.sudoestehoje.com.br\/novoportal\/2018\/09\/12\/macarani-prefeito-entrega-ambulancia-nova-ao-distrito-de-itabai-neste-domingo\/","title":{"rendered":"MACARANI: PREFEITO ENTREGA AMBUL\u00c2NCIA NOVA AO DISTRITO DE ITABA\u00cd NESTE DOMINGO"},"content":{"rendered":"<p><a href=\"http:\/\/www.sudoestehoje.com.br\/novoportal\/wp-content\/uploads\/2018\/09\/ambulancai-nova-macarani-1.jpg\"><img loading=\"lazy\" decoding=\"async\" class=\"aligncenter size-medium wp-image-75099\" src=\"http:\/\/www.sudoestehoje.com.br\/novoportal\/wp-content\/uploads\/2018\/09\/ambulancai-nova-macarani-1-500x294.jpg\" alt=\"\" width=\"500\" height=\"294\" srcset=\"https:\/\/www.sudoestehoje.com.br\/novoportal\/wp-content\/uploads\/2018\/09\/ambulancai-nova-macarani-1-500x294.jpg 500w, https:\/\/www.sudoestehoje.com.br\/novoportal\/wp-content\/uploads\/2018\/09\/ambulancai-nova-macarani-1-768x452.jpg 768w, https:\/\/www.sudoestehoje.com.br\/novoportal\/wp-content\/uploads\/2018\/09\/ambulancai-nova-macarani-1-700x412.jpg 700w, https:\/\/www.sudoestehoje.com.br\/novoportal\/wp-content\/uploads\/2018\/09\/ambulancai-nova-macarani-1.jpg 1369w\" sizes=\"auto, (max-width: 500px) 100vw, 500px\" \/><\/a><\/p>\n<p>No pr\u00f3ximo domingo (16), o distrito de Itaba\u00ed ser\u00e1 contemplado com uma ambul\u00e2ncia zero km, que ser\u00e1 entregue pelo prefeito Miller Ferraz (MDB), um dos mais atuantes do M\u00e9dio Sudoeste baiano.<\/p>\n<p>O anuncio foi feito pelo pr\u00f3prio prefeito de Macarani,\u00a0Dr. Miller, que tem investido fortemente na sa\u00fade dos seus mun\u00edcipes, principalmente nos distritos e zona rural.<\/p>\n<p>No m\u00eas de abril passado, Miller entregou ao distrito de Vila das Gra\u00e7as uma ambul\u00e2ncia novinha, que auxilia nos casos de emerg\u00eancia no distrito, conduzindo pacientes para a sede do munic\u00edpio.<\/p>\n<p><a href=\"http:\/\/www.sudoestehoje.com.br\/novoportal\/wp-content\/uploads\/2018\/09\/DR-MILLER-MACARANI-AMBULANCIA-4.jpg\"><img loading=\"lazy\" decoding=\"async\" class=\"aligncenter  wp-image-75100\" src=\"http:\/\/www.sudoestehoje.com.br\/novoportal\/wp-content\/uploads\/2018\/09\/DR-MILLER-MACARANI-AMBULANCIA-4.jpg\" alt=\"\" width=\"500\" height=\"375\" \/><\/a><\/p>\n<p>A ambul\u00e2ncia destinada a Itaba\u00ed ficar\u00e1 dispon\u00edvel para o transporte dos pacientes ao Hospital Municipal S\u00e3o Pedro, e levar\u00e1 mais seguran\u00e7a no atendimento das urg\u00eancias.\u00a0O ve\u00edculo que ser\u00e1 entregue a Itaba\u00ed substituir\u00e1 o carro que atendia as urg\u00eancias. \/\/<em>\u00a0Informa\u00e7\u00f5es Hora do Povo<\/em><\/p>\n","protected":false},"excerpt":{"rendered":"<p>No pr\u00f3ximo domingo (16), o distrito de Itaba\u00ed ser\u00e1 contemplado com uma ambul\u00e2ncia zero km, que ser\u00e1 entregue pelo prefeito Miller Ferraz (MDB), um dos mais atuantes do M\u00e9dio Sudoeste baiano. O anuncio foi feito pelo pr\u00f3prio prefeito de Macarani,\u00a0Dr. Miller, que tem investido fortemente na sa\u00fade dos seus mun\u00edcipes, principalmente nos distritos e zona [&hellip;]<\/p>\n","protected":false},"author":2,"featured_media":75099,"comment_status":"open","ping_status":"open","sticky":false,"template":"","format":"standard","meta":{"footnotes":"","_links_to":"","_links_to_target":""},"categories":[1],"tags":[],"class_list":["post-75097","post","type-post","status-publish","format-standard","has-post-thumbnail","hentry","category-geral"],"views":1235,"_links":{"self":[{"href":"https:\/\/www.sudoestehoje.com.br\/novoportal\/wp-json\/wp\/v2\/posts\/75097","targetHints":{"allow":["GET"]}}],"collection":[{"href":"https:\/\/www.sudoestehoje.com.br\/novoportal\/wp-json\/wp\/v2\/posts"}],"about":[{"href":"https:\/\/www.sudoestehoje.com.br\/novoportal\/wp-json\/wp\/v2\/types\/post"}],"author":[{"embeddable":true,"href":"https:\/\/www.sudoestehoje.com.br\/novoportal\/wp-json\/wp\/v2\/users\/2"}],"replies":[{"embeddable":true,"href":"https:\/\/www.sudoestehoje.com.br\/novoportal\/wp-json\/wp\/v2\/comments?post=75097"}],"version-history":[{"count":5,"href":"https:\/\/www.sudoestehoje.com.br\/novoportal\/wp-json\/wp\/v2\/posts\/75097\/revisions"}],"predecessor-version":[{"id":75105,"href":"https:\/\/www.sudoestehoje.com.br\/novoportal\/wp-json\/wp\/v2\/posts\/75097\/revisions\/75105"}],"wp:featuredmedia":[{"embeddable":true,"href":"https:\/\/www.sudoestehoje.com.br\/novoportal\/wp-json\/wp\/v2\/media\/75099"}],"wp:attachment":[{"href":"https:\/\/www.sudoestehoje.com.br\/novoportal\/wp-json\/wp\/v2\/media?parent=75097"}],"wp:term":[{"taxonomy":"category","embeddable":true,"href":"https:\/\/www.sudoestehoje.com.br\/novoportal\/wp-json\/wp\/v2\/categories?post=75097"},{"taxonomy":"post_tag","embeddable":true,"href":"https:\/\/www.sudoestehoje.com.br\/novoportal\/wp-json\/wp\/v2\/tags?post=75097"}],"curies":[{"name":"wp","href":"https:\/\/api.w.org\/{rel}","templated":true}]}}