
{"id":75062,"date":"2018-09-11T16:32:54","date_gmt":"2018-09-11T19:32:54","guid":{"rendered":"http:\/\/www.sudoestehoje.com.br\/novoportal\/?p=75062"},"modified":"2018-09-11T16:32:54","modified_gmt":"2018-09-11T19:32:54","slug":"pt-oficializa-haddad-como-candidato-a-presidente-eu-lugar-de-lula","status":"publish","type":"post","link":"https:\/\/www.sudoestehoje.com.br\/novoportal\/2018\/09\/11\/pt-oficializa-haddad-como-candidato-a-presidente-eu-lugar-de-lula\/","title":{"rendered":"PT OFICIALIZA HADDAD COMO CANDIDATO A PRESIDENTE EU LUGAR DE LULA"},"content":{"rendered":"<p><a href=\"http:\/\/www.sudoestehoje.com.br\/novoportal\/wp-content\/uploads\/2018\/09\/HADDAD-E-MANUELA.jpg\"><img loading=\"lazy\" decoding=\"async\" class=\"aligncenter size-medium wp-image-75063\" src=\"http:\/\/www.sudoestehoje.com.br\/novoportal\/wp-content\/uploads\/2018\/09\/HADDAD-E-MANUELA-500x281.jpg\" alt=\"\" width=\"500\" height=\"281\" srcset=\"https:\/\/www.sudoestehoje.com.br\/novoportal\/wp-content\/uploads\/2018\/09\/HADDAD-E-MANUELA-500x281.jpg 500w, https:\/\/www.sudoestehoje.com.br\/novoportal\/wp-content\/uploads\/2018\/09\/HADDAD-E-MANUELA-768x432.jpg 768w, https:\/\/www.sudoestehoje.com.br\/novoportal\/wp-content\/uploads\/2018\/09\/HADDAD-E-MANUELA-700x394.jpg 700w, https:\/\/www.sudoestehoje.com.br\/novoportal\/wp-content\/uploads\/2018\/09\/HADDAD-E-MANUELA.jpg 1920w\" sizes=\"auto, (max-width: 500px) 100vw, 500px\" \/><\/a><\/p>\n<p>A c\u00fapula do PT aprovou por unanimidade o nome de Fernando Haddad como substituto do ex-presidente Lula na chapa do partido ao Planalto.\u00a0Em reuni\u00e3o nesta ter\u00e7a-feira (11), em Curitiba, a executiva nacional do PT chancelou, ap\u00f3s carta enviada por Lula, Haddad como candidato oficial da sigla.<\/p>\n<p>Na mensagem, Lula escreveu sobre o que chama de injusti\u00e7a que vem sofrendo para deix\u00e1-lo fora da elei\u00e7\u00e3o, se disse indignado, mas ressaltou a import\u00e2ncia da continuidade de seu projeto pol\u00edtico com Haddad como candidato.\u00a0A mensagem do ex-presidente serviu para arrefecer qualquer resist\u00eancia interna que ainda pudesse haver na sigla ao nome do ex-prefeito de S\u00e3o Paulo.<\/p>\n<p>Uma ala do partido, ligada \u00e0 presidente da sigla, Gleisi Hoffmann (PR), ainda queria adiar a troca para o dia 17 de setembro, o que desagradava aos aliados de Haddad.\u00a0Os dirigentes do PT far\u00e3o uma pausa para o almo\u00e7o e, \u00e0s 15h, v\u00e3o fazer um ato na frente da sede da Pol\u00edcia Federal, onde Lula est\u00e1 preso, para oficializar a decis\u00e3o.<\/p>\n","protected":false},"excerpt":{"rendered":"<p>A c\u00fapula do PT aprovou por unanimidade o nome de Fernando Haddad como substituto do ex-presidente Lula na chapa do partido ao Planalto.\u00a0Em reuni\u00e3o nesta ter\u00e7a-feira (11), em Curitiba, a executiva nacional do PT chancelou, ap\u00f3s carta enviada por Lula, Haddad como candidato oficial da sigla. Na mensagem, Lula escreveu sobre o que chama de [&hellip;]<\/p>\n","protected":false},"author":2,"featured_media":75063,"comment_status":"open","ping_status":"open","sticky":false,"template":"","format":"standard","meta":{"footnotes":"","_links_to":"","_links_to_target":""},"categories":[1],"tags":[],"class_list":["post-75062","post","type-post","status-publish","format-standard","has-post-thumbnail","hentry","category-geral"],"views":1374,"_links":{"self":[{"href":"https:\/\/www.sudoestehoje.com.br\/novoportal\/wp-json\/wp\/v2\/posts\/75062","targetHints":{"allow":["GET"]}}],"collection":[{"href":"https:\/\/www.sudoestehoje.com.br\/novoportal\/wp-json\/wp\/v2\/posts"}],"about":[{"href":"https:\/\/www.sudoestehoje.com.br\/novoportal\/wp-json\/wp\/v2\/types\/post"}],"author":[{"embeddable":true,"href":"https:\/\/www.sudoestehoje.com.br\/novoportal\/wp-json\/wp\/v2\/users\/2"}],"replies":[{"embeddable":true,"href":"https:\/\/www.sudoestehoje.com.br\/novoportal\/wp-json\/wp\/v2\/comments?post=75062"}],"version-history":[{"count":1,"href":"https:\/\/www.sudoestehoje.com.br\/novoportal\/wp-json\/wp\/v2\/posts\/75062\/revisions"}],"predecessor-version":[{"id":75064,"href":"https:\/\/www.sudoestehoje.com.br\/novoportal\/wp-json\/wp\/v2\/posts\/75062\/revisions\/75064"}],"wp:featuredmedia":[{"embeddable":true,"href":"https:\/\/www.sudoestehoje.com.br\/novoportal\/wp-json\/wp\/v2\/media\/75063"}],"wp:attachment":[{"href":"https:\/\/www.sudoestehoje.com.br\/novoportal\/wp-json\/wp\/v2\/media?parent=75062"}],"wp:term":[{"taxonomy":"category","embeddable":true,"href":"https:\/\/www.sudoestehoje.com.br\/novoportal\/wp-json\/wp\/v2\/categories?post=75062"},{"taxonomy":"post_tag","embeddable":true,"href":"https:\/\/www.sudoestehoje.com.br\/novoportal\/wp-json\/wp\/v2\/tags?post=75062"}],"curies":[{"name":"wp","href":"https:\/\/api.w.org\/{rel}","templated":true}]}}