
{"id":7501,"date":"2011-08-13T15:12:52","date_gmt":"2011-08-13T18:12:52","guid":{"rendered":"http:\/\/www.sudoestehoje.com.br\/novoportal\/?p=7501"},"modified":"2011-08-13T15:12:52","modified_gmt":"2011-08-13T18:12:52","slug":"dilma-vazamento-de-foto-de-presos-e-inaceitavel","status":"publish","type":"post","link":"https:\/\/www.sudoestehoje.com.br\/novoportal\/2011\/08\/13\/dilma-vazamento-de-foto-de-presos-e-inaceitavel\/","title":{"rendered":"DILMA: VAZAMENTO DE FOTO DE PRESOS \u00c9 INACEIT\u00c1VEL"},"content":{"rendered":"<p style=\"text-align: center;\"><em><strong><img loading=\"lazy\" decoding=\"async\" src=\"http:\/\/www.bahianoticias.com.br\/fotos\/editor\/Image\/380X280\/vazamento_voucher_iapen.jpg\" alt=\"\" width=\"380\" height=\"280\" \/><br \/>\nSem camisa, presos em Opera\u00e7\u00e3o Voucher posam para fotos vazadas na internet<\/strong><\/em><\/p>\n<p>A presidente Dilma Rousseff considerou \u201cinaceit\u00e1vel\u201d o vazamento da foto de seis presos na Opera\u00e7\u00e3o Voucher, que investiga um esquema de desvio de verbas no Minist\u00e9rio do Turismo. Nesta sexta-feira (12), um jornal do Macap\u00e1 publicou foto em que seis suspeitos de corrup\u00e7\u00e3o aparecem sem camisa e segurando um papel com a pr\u00f3pria identifica\u00e7\u00e3o. O presidente do Supremo Tribunal Federal (STF), Cezar Peluso, enviou of\u00edcio com pedido para que o Minist\u00e9rio P\u00fablico, o governo do Amap\u00e1 e o juiz da Vara de Execu\u00e7\u00f5es Penais do estado apurem a responsabilidade pelo vazamento das imagens. O ministro da Justi\u00e7a, Jos\u00e9 Eduardo Cardozo, afirmou que a divulga\u00e7\u00e3o \u201cviola o princ\u00edpio da dignidade do preso\u201d. A Pol\u00edcia Federal (PF) negou ter responsabilidade pelo epis\u00f3dio sob o argumento de que os registros foram feitos ap\u00f3s a pris\u00e3o dos suspeitos, que ficaram sob cust\u00f3dia do Instituto de Administra\u00e7\u00e3o Penitenci\u00e1ria (Iapen). Informa\u00e7\u00f5es do G1.<\/p>\n","protected":false},"excerpt":{"rendered":"<p>Sem camisa, presos em Opera\u00e7\u00e3o Voucher posam para fotos vazadas na internet A presidente Dilma Rousseff considerou \u201cinaceit\u00e1vel\u201d o vazamento da foto de seis presos na Opera\u00e7\u00e3o Voucher, que investiga um esquema de desvio de verbas no Minist\u00e9rio do Turismo. Nesta sexta-feira (12), um jornal do Macap\u00e1 publicou foto em que seis suspeitos de corrup\u00e7\u00e3o [&hellip;]<\/p>\n","protected":false},"author":2,"featured_media":0,"comment_status":"open","ping_status":"open","sticky":false,"template":"","format":"standard","meta":{"footnotes":"","_links_to":"","_links_to_target":""},"categories":[1],"tags":[],"class_list":["post-7501","post","type-post","status-publish","format-standard","hentry","category-geral"],"views":1457,"_links":{"self":[{"href":"https:\/\/www.sudoestehoje.com.br\/novoportal\/wp-json\/wp\/v2\/posts\/7501","targetHints":{"allow":["GET"]}}],"collection":[{"href":"https:\/\/www.sudoestehoje.com.br\/novoportal\/wp-json\/wp\/v2\/posts"}],"about":[{"href":"https:\/\/www.sudoestehoje.com.br\/novoportal\/wp-json\/wp\/v2\/types\/post"}],"author":[{"embeddable":true,"href":"https:\/\/www.sudoestehoje.com.br\/novoportal\/wp-json\/wp\/v2\/users\/2"}],"replies":[{"embeddable":true,"href":"https:\/\/www.sudoestehoje.com.br\/novoportal\/wp-json\/wp\/v2\/comments?post=7501"}],"version-history":[{"count":3,"href":"https:\/\/www.sudoestehoje.com.br\/novoportal\/wp-json\/wp\/v2\/posts\/7501\/revisions"}],"predecessor-version":[{"id":7504,"href":"https:\/\/www.sudoestehoje.com.br\/novoportal\/wp-json\/wp\/v2\/posts\/7501\/revisions\/7504"}],"wp:attachment":[{"href":"https:\/\/www.sudoestehoje.com.br\/novoportal\/wp-json\/wp\/v2\/media?parent=7501"}],"wp:term":[{"taxonomy":"category","embeddable":true,"href":"https:\/\/www.sudoestehoje.com.br\/novoportal\/wp-json\/wp\/v2\/categories?post=7501"},{"taxonomy":"post_tag","embeddable":true,"href":"https:\/\/www.sudoestehoje.com.br\/novoportal\/wp-json\/wp\/v2\/tags?post=7501"}],"curies":[{"name":"wp","href":"https:\/\/api.w.org\/{rel}","templated":true}]}}