
{"id":750,"date":"2010-10-01T17:49:49","date_gmt":"2010-10-01T20:49:49","guid":{"rendered":"http:\/\/sudoestehoje.tempsite.ws\/novoportal\/?p=750"},"modified":"2010-10-01T17:49:49","modified_gmt":"2010-10-01T20:49:49","slug":"eleicoes-lucio-convoca-militancia-para-garantir-2%c2%ba-turno","status":"publish","type":"post","link":"https:\/\/www.sudoestehoje.com.br\/novoportal\/2010\/10\/01\/eleicoes-lucio-convoca-militancia-para-garantir-2%c2%ba-turno\/","title":{"rendered":"Elei\u00e7\u00f5es: L\u00facio convoca milit\u00e2ncia para garantir 2\u00ba turno"},"content":{"rendered":"<p style=\"text-align: center;\"><img decoding=\"async\" src=\"http:\/\/www.pmdbbahia.com.br\/site\/wp-content\/uploads\/2010\/04\/20-04-2010-01-18-431.jpg\" alt=\"\" \/><\/p>\n<p>Uma intensa mobiliza\u00e7\u00e3o em todos os munic\u00edpios, das lideran\u00e7as, candidatos e militantes do PMDB e dos demais partidos da coliga\u00e7\u00e3o A Bahia Tem Pressa, vai garantir a realiza\u00e7\u00e3o do segundo turno nas elei\u00e7\u00f5es da Bahia, entre o candidato peemedebista, Geddel Vieira Lima e o atual governador Jaques Wagner. A certeza foi dada pelo presidente estadual do PMDB, L\u00facio Vieira Lima, que convocou os integrantes desses partidos a \u201ctrabalhar at\u00e9 o \u00faltimo minuto\u201d para assegurar a vit\u00f3ria.<\/p>\n<p><em>\u201cVamos mostrar a for\u00e7a do PMDB e dos partidos da nossa coliga\u00e7\u00e3o. Sentimos nas ruas, na capital e em cada cidade do interior, que os baianos querem Geddel governador e vamos em busca dos votos que v\u00e3o lev\u00e1-lo ao segundo turno\u201d<\/em>, disse L\u00facio que, como candidato a deputado federal, percorreu durante a campanha, praticamente todos os munic\u00edpios baianos.<\/p>\n<p>Imprensa PMDB<\/p>\n","protected":false},"excerpt":{"rendered":"<p>Uma intensa mobiliza\u00e7\u00e3o em todos os munic\u00edpios, das lideran\u00e7as, candidatos e militantes do PMDB e dos demais partidos da coliga\u00e7\u00e3o A Bahia Tem Pressa, vai garantir a realiza\u00e7\u00e3o do segundo turno nas elei\u00e7\u00f5es da Bahia, entre o candidato peemedebista, Geddel Vieira Lima e o atual governador Jaques Wagner. A certeza foi dada pelo presidente estadual [&hellip;]<\/p>\n","protected":false},"author":2,"featured_media":0,"comment_status":"open","ping_status":"open","sticky":false,"template":"","format":"standard","meta":{"footnotes":"","_links_to":"","_links_to_target":""},"categories":[4],"tags":[],"class_list":["post-750","post","type-post","status-publish","format-standard","hentry","category-politica"],"views":2798,"_links":{"self":[{"href":"https:\/\/www.sudoestehoje.com.br\/novoportal\/wp-json\/wp\/v2\/posts\/750","targetHints":{"allow":["GET"]}}],"collection":[{"href":"https:\/\/www.sudoestehoje.com.br\/novoportal\/wp-json\/wp\/v2\/posts"}],"about":[{"href":"https:\/\/www.sudoestehoje.com.br\/novoportal\/wp-json\/wp\/v2\/types\/post"}],"author":[{"embeddable":true,"href":"https:\/\/www.sudoestehoje.com.br\/novoportal\/wp-json\/wp\/v2\/users\/2"}],"replies":[{"embeddable":true,"href":"https:\/\/www.sudoestehoje.com.br\/novoportal\/wp-json\/wp\/v2\/comments?post=750"}],"version-history":[{"count":2,"href":"https:\/\/www.sudoestehoje.com.br\/novoportal\/wp-json\/wp\/v2\/posts\/750\/revisions"}],"predecessor-version":[{"id":752,"href":"https:\/\/www.sudoestehoje.com.br\/novoportal\/wp-json\/wp\/v2\/posts\/750\/revisions\/752"}],"wp:attachment":[{"href":"https:\/\/www.sudoestehoje.com.br\/novoportal\/wp-json\/wp\/v2\/media?parent=750"}],"wp:term":[{"taxonomy":"category","embeddable":true,"href":"https:\/\/www.sudoestehoje.com.br\/novoportal\/wp-json\/wp\/v2\/categories?post=750"},{"taxonomy":"post_tag","embeddable":true,"href":"https:\/\/www.sudoestehoje.com.br\/novoportal\/wp-json\/wp\/v2\/tags?post=750"}],"curies":[{"name":"wp","href":"https:\/\/api.w.org\/{rel}","templated":true}]}}