
{"id":74994,"date":"2018-09-08T20:46:52","date_gmt":"2018-09-08T23:46:52","guid":{"rendered":"http:\/\/www.sudoestehoje.com.br\/novoportal\/?p=74994"},"modified":"2018-09-08T20:46:52","modified_gmt":"2018-09-08T23:46:52","slug":"internado-na-uti-bolsonaro-posa-para-foto-fazendo-gesto-de-arma","status":"publish","type":"post","link":"https:\/\/www.sudoestehoje.com.br\/novoportal\/2018\/09\/08\/internado-na-uti-bolsonaro-posa-para-foto-fazendo-gesto-de-arma\/","title":{"rendered":"INTERNADO NA UTI, BOLSONARO POSA PARA FOTO FAZENDO GESTO DE ARMA"},"content":{"rendered":"<p><a href=\"http:\/\/www.sudoestehoje.com.br\/novoportal\/wp-content\/uploads\/2018\/09\/bolsonaro-hospital-foto-reproducao-instagram.jpg\"><img loading=\"lazy\" decoding=\"async\" class=\"aligncenter size-medium wp-image-74995\" src=\"http:\/\/www.sudoestehoje.com.br\/novoportal\/wp-content\/uploads\/2018\/09\/bolsonaro-hospital-foto-reproducao-instagram-500x350.jpg\" alt=\"\" width=\"500\" height=\"350\" srcset=\"https:\/\/www.sudoestehoje.com.br\/novoportal\/wp-content\/uploads\/2018\/09\/bolsonaro-hospital-foto-reproducao-instagram-500x350.jpg 500w, https:\/\/www.sudoestehoje.com.br\/novoportal\/wp-content\/uploads\/2018\/09\/bolsonaro-hospital-foto-reproducao-instagram.jpg 600w\" sizes=\"auto, (max-width: 500px) 100vw, 500px\" \/><\/a><\/p>\n<p>Internado no hospital Albert Einstein, em S\u00e3o Paulo, ap\u00f3s levar uma facada na \u00faltima quinta-feira (6), em Juiz de Fora (MG), o presidenci\u00e1vel Jair Bolsonaro (PSL) posou para uma foto fazendo o seu caracter\u00edstico gesto de arma com as m\u00e3os.<\/p>\n<p>A imagem foi postada nas redes sociais pelo deputado estadual do Rio Fl\u00e1vio Bolsonaro (PSL), filho do candidato a presidente.<\/p>\n<p>\u201cMeu pai segue evoluindo e come\u00e7ou agora a fisioterapia. Muito obrigado a todos pela for\u00e7a e pelas ora\u00e7\u00f5es!\u201d, escreveu Fl\u00e1vio, que \u00e9 candidato ao Senado.<\/p>\n<p>Ele ainda convocou simpatizantes e eleitores do presidenci\u00e1vel para um ato \u201cpela vida de Bolsonaro\u201d neste domingo (9), em Copacabana.<\/p>\n","protected":false},"excerpt":{"rendered":"<p>Internado no hospital Albert Einstein, em S\u00e3o Paulo, ap\u00f3s levar uma facada na \u00faltima quinta-feira (6), em Juiz de Fora (MG), o presidenci\u00e1vel Jair Bolsonaro (PSL) posou para uma foto fazendo o seu caracter\u00edstico gesto de arma com as m\u00e3os. A imagem foi postada nas redes sociais pelo deputado estadual do Rio Fl\u00e1vio Bolsonaro (PSL), [&hellip;]<\/p>\n","protected":false},"author":2,"featured_media":74995,"comment_status":"open","ping_status":"open","sticky":false,"template":"","format":"standard","meta":{"footnotes":"","_links_to":"","_links_to_target":""},"categories":[1],"tags":[],"class_list":["post-74994","post","type-post","status-publish","format-standard","has-post-thumbnail","hentry","category-geral"],"views":1853,"_links":{"self":[{"href":"https:\/\/www.sudoestehoje.com.br\/novoportal\/wp-json\/wp\/v2\/posts\/74994","targetHints":{"allow":["GET"]}}],"collection":[{"href":"https:\/\/www.sudoestehoje.com.br\/novoportal\/wp-json\/wp\/v2\/posts"}],"about":[{"href":"https:\/\/www.sudoestehoje.com.br\/novoportal\/wp-json\/wp\/v2\/types\/post"}],"author":[{"embeddable":true,"href":"https:\/\/www.sudoestehoje.com.br\/novoportal\/wp-json\/wp\/v2\/users\/2"}],"replies":[{"embeddable":true,"href":"https:\/\/www.sudoestehoje.com.br\/novoportal\/wp-json\/wp\/v2\/comments?post=74994"}],"version-history":[{"count":1,"href":"https:\/\/www.sudoestehoje.com.br\/novoportal\/wp-json\/wp\/v2\/posts\/74994\/revisions"}],"predecessor-version":[{"id":74996,"href":"https:\/\/www.sudoestehoje.com.br\/novoportal\/wp-json\/wp\/v2\/posts\/74994\/revisions\/74996"}],"wp:featuredmedia":[{"embeddable":true,"href":"https:\/\/www.sudoestehoje.com.br\/novoportal\/wp-json\/wp\/v2\/media\/74995"}],"wp:attachment":[{"href":"https:\/\/www.sudoestehoje.com.br\/novoportal\/wp-json\/wp\/v2\/media?parent=74994"}],"wp:term":[{"taxonomy":"category","embeddable":true,"href":"https:\/\/www.sudoestehoje.com.br\/novoportal\/wp-json\/wp\/v2\/categories?post=74994"},{"taxonomy":"post_tag","embeddable":true,"href":"https:\/\/www.sudoestehoje.com.br\/novoportal\/wp-json\/wp\/v2\/tags?post=74994"}],"curies":[{"name":"wp","href":"https:\/\/api.w.org\/{rel}","templated":true}]}}