
{"id":74941,"date":"2018-09-08T00:02:56","date_gmt":"2018-09-08T03:02:56","guid":{"rendered":"http:\/\/www.sudoestehoje.com.br\/novoportal\/?p=74941"},"modified":"2018-09-08T00:56:23","modified_gmt":"2018-09-08T03:56:23","slug":"caatiba-desfile-civico-de-7-de-setembro-conta-a-historia-do-municipio","status":"publish","type":"post","link":"https:\/\/www.sudoestehoje.com.br\/novoportal\/2018\/09\/08\/caatiba-desfile-civico-de-7-de-setembro-conta-a-historia-do-municipio\/","title":{"rendered":"CAATIBA: DESFILE C\u00cdVICO DE 7 DE SETEMBRO CONTA A HIST\u00d3RIA DO MUNIC\u00cdPIO"},"content":{"rendered":"<p style=\"background: white; margin: 0cm 0cm 4.5pt 0cm;\">\u00a0<a href=\"http:\/\/www.sudoestehoje.com.br\/novoportal\/wp-content\/uploads\/2018\/09\/7-setembro-caatiba.jpg\"><img loading=\"lazy\" decoding=\"async\" class=\"aligncenter size-medium wp-image-74942\" src=\"http:\/\/www.sudoestehoje.com.br\/novoportal\/wp-content\/uploads\/2018\/09\/7-setembro-caatiba-500x475.jpg\" alt=\"\" width=\"500\" height=\"475\" srcset=\"https:\/\/www.sudoestehoje.com.br\/novoportal\/wp-content\/uploads\/2018\/09\/7-setembro-caatiba-500x475.jpg 500w, https:\/\/www.sudoestehoje.com.br\/novoportal\/wp-content\/uploads\/2018\/09\/7-setembro-caatiba-768x730.jpg 768w, https:\/\/www.sudoestehoje.com.br\/novoportal\/wp-content\/uploads\/2018\/09\/7-setembro-caatiba-700x665.jpg 700w, https:\/\/www.sudoestehoje.com.br\/novoportal\/wp-content\/uploads\/2018\/09\/7-setembro-caatiba.jpg 960w\" sizes=\"auto, (max-width: 500px) 100vw, 500px\" \/><\/a><\/p>\n<p style=\"background: white; font-variant-ligatures: normal; font-variant-caps: normal; orphans: 2; text-align: start; widows: 2; -webkit-text-stroke-width: 0px; text-decoration-style: initial; text-decoration-color: initial; word-spacing: 0px; margin: 4.5pt 0cm 4.5pt 0cm;\"><span style=\"font-family: 'Arial','sans-serif'; color: #1d2129;\">Escolas da rede p\u00fablica municipal de ensino de Caatiba protagonizaram um dos mais belos momentos c\u00edvicos e culturais dos \u00faltimos tempos e faz um verdadeiro resgate hist\u00f3rico do munic\u00edpio.<\/span><\/p>\n<p style=\"background: white; margin: 4.5pt 0cm 4.5pt 0cm;\"><span style=\"font-family: 'Arial','sans-serif'; color: #1d2129;\"><span class=\"textexposedshow\">Com o tema: NOSSA TERRA, NOSSA GENTE, a Secretaria Municipal de Educa\u00e7\u00e3o com total apoio da Prefeitura de Caatiba, apresentou o desfile de 7 de setembro com diversos sub temas distribu\u00eddos entre as escolas contando com muita beleza e criatividade os fatos que constru\u00edram a identidade do munic\u00edpio: \u201cCaatiba, uma terra de encantos; Valoriza\u00e7\u00e3o e respeito as diferen\u00e7as culturais; A nossa for\u00e7a vem da agricultura, pecu\u00e1ria e piscicultura; Caatiba, o resgate hist\u00f3rico; O mundo encantado da leitura e Caatiba em regi\u00f5es e seus avan\u00e7os\u201d.<\/span><\/span><\/p>\n<p style=\"background: white; margin: 4.5pt 0cm 4.5pt 0cm;\"><span style=\"font-family: 'Arial','sans-serif'; color: #1d2129;\"><span class=\"textexposedshow\">A popula\u00e7\u00e3o que acompanhou todo o trajeto do desfile viu a hist\u00f3ria de sua cidade ser manifestada desde os prim\u00f3rdios at\u00e9 os dias atuais, surpreendendo pela riqueza de detalhes, trazendo \u00e0 memoria a heran\u00e7a do povo e seus valores culturais.\u00a0<\/span><\/span><\/p>\n<p style=\"background: white; margin: 4.5pt 0cm 4.5pt 0cm;\"><span style=\"font-family: 'Arial','sans-serif'; color: #1d2129;\"><span class=\"textexposedshow\">Durante a solenidade a Prefeita T\u00e2nia Ribeiro, o vice Prefeito Paulo Paiva, o Presidente da c\u00e2mara Ronaldo Santos e o Secret\u00e1rio de Educa\u00e7\u00e3o Sidnei Cordeiro, manifestaram em discurso a grande import\u00e2ncia em manter a tradi\u00e7\u00e3o de comemorar a independ\u00eancia do Brasil, evidenciando ainda o m\u00e9rito do dia, onde \u00e9 reafirmada a soberania de um povoo frente as suas conquistas ao longo dos tempos.<\/span><\/span><\/p>\n<p style=\"background: white; margin: 4.5pt 0cm 4.5pt 0cm;\"><span style=\"font-family: 'Arial','sans-serif'; color: #1d2129;\"><span class=\"textexposedshow\">As homenagens \u00e1 P\u00e1tria no munic\u00edpio de Caatiba realizadas com maestria, contando com a contribui\u00e7\u00e3o dos gestores escolares, Professores e alunos foram verdadeiramente uma festa c\u00edvica e democr\u00e1tica marcada pela valoriza\u00e7\u00e3o das origens do povo Caatibense emocionando a todos, principalmente aqueles que fazem parte da hist\u00f3ria do munic\u00edpio.\/\/\u00a0<\/span><span class=\"textexposedshow\">Ascom\u00a0<a style=\"cursor: pointer;\" href=\"https:\/\/www.facebook.com\/ascomcaatiba.ascom.7?fref=mentions&amp;__xts__%5B0%5D=68.ARCzXAkS8tA0fN1kOsn_bbe8ZGRaiknDHZ8nW85ofbpVkhglYGdHj2SAIcOqT3ay5Yna8wOEF_lJgySCaxvHrSax-qPSExrEnS9u2nNGM8qqo9d61koMFMlU_7AvgUtoMfz_6HU-qSONTTZOaHb093BkSNWO8XejVFMMPkrQv1EVfFZTAbyB&amp;__tn__=K-R\" data-hovercard=\"\/ajax\/hovercard\/user.php?id=100015971282217&amp;extragetparams=%7B%22fref%22%3A%22mentions%22%7D\" data-hovercard-prefer-more-content-show=\"1\"><span style=\"color: #365899; text-decoration: none; text-underline: none;\">Caatiba Bahia<\/span><\/a><\/span><\/span><\/p>\n","protected":false},"excerpt":{"rendered":"<p>\u00a0 Escolas da rede p\u00fablica municipal de ensino de Caatiba protagonizaram um dos mais belos momentos c\u00edvicos e culturais dos \u00faltimos tempos e faz um verdadeiro resgate hist\u00f3rico do munic\u00edpio. Com o tema: NOSSA TERRA, NOSSA GENTE, a Secretaria Municipal de Educa\u00e7\u00e3o com total apoio da Prefeitura de Caatiba, apresentou o desfile de 7 de [&hellip;]<\/p>\n","protected":false},"author":2,"featured_media":74942,"comment_status":"open","ping_status":"open","sticky":false,"template":"","format":"standard","meta":{"footnotes":"","_links_to":"","_links_to_target":""},"categories":[1],"tags":[],"class_list":["post-74941","post","type-post","status-publish","format-standard","has-post-thumbnail","hentry","category-geral"],"views":1870,"_links":{"self":[{"href":"https:\/\/www.sudoestehoje.com.br\/novoportal\/wp-json\/wp\/v2\/posts\/74941","targetHints":{"allow":["GET"]}}],"collection":[{"href":"https:\/\/www.sudoestehoje.com.br\/novoportal\/wp-json\/wp\/v2\/posts"}],"about":[{"href":"https:\/\/www.sudoestehoje.com.br\/novoportal\/wp-json\/wp\/v2\/types\/post"}],"author":[{"embeddable":true,"href":"https:\/\/www.sudoestehoje.com.br\/novoportal\/wp-json\/wp\/v2\/users\/2"}],"replies":[{"embeddable":true,"href":"https:\/\/www.sudoestehoje.com.br\/novoportal\/wp-json\/wp\/v2\/comments?post=74941"}],"version-history":[{"count":2,"href":"https:\/\/www.sudoestehoje.com.br\/novoportal\/wp-json\/wp\/v2\/posts\/74941\/revisions"}],"predecessor-version":[{"id":74944,"href":"https:\/\/www.sudoestehoje.com.br\/novoportal\/wp-json\/wp\/v2\/posts\/74941\/revisions\/74944"}],"wp:featuredmedia":[{"embeddable":true,"href":"https:\/\/www.sudoestehoje.com.br\/novoportal\/wp-json\/wp\/v2\/media\/74942"}],"wp:attachment":[{"href":"https:\/\/www.sudoestehoje.com.br\/novoportal\/wp-json\/wp\/v2\/media?parent=74941"}],"wp:term":[{"taxonomy":"category","embeddable":true,"href":"https:\/\/www.sudoestehoje.com.br\/novoportal\/wp-json\/wp\/v2\/categories?post=74941"},{"taxonomy":"post_tag","embeddable":true,"href":"https:\/\/www.sudoestehoje.com.br\/novoportal\/wp-json\/wp\/v2\/tags?post=74941"}],"curies":[{"name":"wp","href":"https:\/\/api.w.org\/{rel}","templated":true}]}}