
{"id":74883,"date":"2018-09-04T20:56:10","date_gmt":"2018-09-04T23:56:10","guid":{"rendered":"http:\/\/www.sudoestehoje.com.br\/novoportal\/?p=74883"},"modified":"2018-09-04T20:56:10","modified_gmt":"2018-09-04T23:56:10","slug":"tre-proibe-que-candidatos-utilizem-imagem-de-lula-na-propaganda-eleitoral-na-bahia","status":"publish","type":"post","link":"https:\/\/www.sudoestehoje.com.br\/novoportal\/2018\/09\/04\/tre-proibe-que-candidatos-utilizem-imagem-de-lula-na-propaganda-eleitoral-na-bahia\/","title":{"rendered":"TRE PRO\u00cdBE QUE CANDIDATOS UTILIZEM IMAGEM DE LULA NA PROPAGANDA ELEITORAL NA BAHIA"},"content":{"rendered":"<p><a href=\"http:\/\/www.sudoestehoje.com.br\/novoportal\/wp-content\/uploads\/2018\/09\/PELEG.jpg\"><img loading=\"lazy\" decoding=\"async\" class=\"aligncenter size-medium wp-image-74886\" src=\"http:\/\/www.sudoestehoje.com.br\/novoportal\/wp-content\/uploads\/2018\/09\/PELEG-500x253.jpg\" alt=\"\" width=\"500\" height=\"253\" srcset=\"https:\/\/www.sudoestehoje.com.br\/novoportal\/wp-content\/uploads\/2018\/09\/PELEG-500x253.jpg 500w, https:\/\/www.sudoestehoje.com.br\/novoportal\/wp-content\/uploads\/2018\/09\/PELEG-768x389.jpg 768w, https:\/\/www.sudoestehoje.com.br\/novoportal\/wp-content\/uploads\/2018\/09\/PELEG-700x354.jpg 700w, https:\/\/www.sudoestehoje.com.br\/novoportal\/wp-content\/uploads\/2018\/09\/PELEG.jpg 960w\" sizes=\"auto, (max-width: 500px) 100vw, 500px\" \/><\/a><\/p>\n<p>O grupo do governador Rui Costa (PT) foi proibido pela Justi\u00e7a de utilizar a imagem do ex-presidente Luiz In\u00e1cio Lula da Silva (PT) durante a propaganda eleitoral na Bahia. O Tribunal Regional Eleitoral (TRE-BA) julgou como procedente, nesta ter\u00e7a-feira (4), o pedido movido pela coliga\u00e7\u00e3o \u201cPor uma Bahia melhor\u201d do candidato ao governo Jos\u00e9 Ronaldo (DEM).<\/p>\n<p>Al\u00e9m da imagem de Lula, os candidatos baianos tamb\u00e9m n\u00e3o poder\u00e3o fazer qualquer men\u00e7\u00e3o na sua propaganda na televis\u00e3o, em bloco, ao ex-presidente. A decis\u00e3o se sustenta na indefini\u00e7\u00e3o da candidatura do petista pelo Tribunal Superior Eleitoral (TSE) (veja aqui). A Justi\u00e7a ainda fixou multa di\u00e1ria de R$ 5 mil para cada dia de descumprimento da decis\u00e3o.<\/p>\n<p>Atualmente, os candidatos a deputados da coliga\u00e7\u00e3o petista, usam uma foto de Lula e do vice na chapa, Fernando Haddad, nas suas propagandas. \u201cEstamos diante de uma propaganda proibida, que veda a exibi\u00e7\u00e3o de quem n\u00e3o \u00e9 candidato nos contornos da lei . Estando vedada a propaganda entendo ser na majorit\u00e1ria e proporcional\u201d, explicou o advogado representante da coliga\u00e7\u00e3o de Jos\u00e9 Ronaldo, Ademir Ismerim.<\/p>\n","protected":false},"excerpt":{"rendered":"<p>O grupo do governador Rui Costa (PT) foi proibido pela Justi\u00e7a de utilizar a imagem do ex-presidente Luiz In\u00e1cio Lula da Silva (PT) durante a propaganda eleitoral na Bahia. O Tribunal Regional Eleitoral (TRE-BA) julgou como procedente, nesta ter\u00e7a-feira (4), o pedido movido pela coliga\u00e7\u00e3o \u201cPor uma Bahia melhor\u201d do candidato ao governo Jos\u00e9 Ronaldo [&hellip;]<\/p>\n","protected":false},"author":2,"featured_media":74886,"comment_status":"open","ping_status":"open","sticky":false,"template":"","format":"standard","meta":{"footnotes":"","_links_to":"","_links_to_target":""},"categories":[1],"tags":[],"class_list":["post-74883","post","type-post","status-publish","format-standard","has-post-thumbnail","hentry","category-geral"],"views":1133,"_links":{"self":[{"href":"https:\/\/www.sudoestehoje.com.br\/novoportal\/wp-json\/wp\/v2\/posts\/74883","targetHints":{"allow":["GET"]}}],"collection":[{"href":"https:\/\/www.sudoestehoje.com.br\/novoportal\/wp-json\/wp\/v2\/posts"}],"about":[{"href":"https:\/\/www.sudoestehoje.com.br\/novoportal\/wp-json\/wp\/v2\/types\/post"}],"author":[{"embeddable":true,"href":"https:\/\/www.sudoestehoje.com.br\/novoportal\/wp-json\/wp\/v2\/users\/2"}],"replies":[{"embeddable":true,"href":"https:\/\/www.sudoestehoje.com.br\/novoportal\/wp-json\/wp\/v2\/comments?post=74883"}],"version-history":[{"count":3,"href":"https:\/\/www.sudoestehoje.com.br\/novoportal\/wp-json\/wp\/v2\/posts\/74883\/revisions"}],"predecessor-version":[{"id":74888,"href":"https:\/\/www.sudoestehoje.com.br\/novoportal\/wp-json\/wp\/v2\/posts\/74883\/revisions\/74888"}],"wp:featuredmedia":[{"embeddable":true,"href":"https:\/\/www.sudoestehoje.com.br\/novoportal\/wp-json\/wp\/v2\/media\/74886"}],"wp:attachment":[{"href":"https:\/\/www.sudoestehoje.com.br\/novoportal\/wp-json\/wp\/v2\/media?parent=74883"}],"wp:term":[{"taxonomy":"category","embeddable":true,"href":"https:\/\/www.sudoestehoje.com.br\/novoportal\/wp-json\/wp\/v2\/categories?post=74883"},{"taxonomy":"post_tag","embeddable":true,"href":"https:\/\/www.sudoestehoje.com.br\/novoportal\/wp-json\/wp\/v2\/tags?post=74883"}],"curies":[{"name":"wp","href":"https:\/\/api.w.org\/{rel}","templated":true}]}}