
{"id":74875,"date":"2018-09-04T20:26:45","date_gmt":"2018-09-04T23:26:45","guid":{"rendered":"http:\/\/www.sudoestehoje.com.br\/novoportal\/?p=74875"},"modified":"2018-09-04T20:26:45","modified_gmt":"2018-09-04T23:26:45","slug":"caatiba-com-educacao-em-alta-municipio-avanca-no-ideb-e-antecipa-meta-projetada-para-2021","status":"publish","type":"post","link":"https:\/\/www.sudoestehoje.com.br\/novoportal\/2018\/09\/04\/caatiba-com-educacao-em-alta-municipio-avanca-no-ideb-e-antecipa-meta-projetada-para-2021\/","title":{"rendered":"CAATIBA: COM EDUCA\u00c7\u00c3O EM ALTA, MUNIC\u00cdPIO AVAN\u00c7A NO IDEB E ANTECIPA META PROJETADA PARA 2021"},"content":{"rendered":"<p><a href=\"http:\/\/www.sudoestehoje.com.br\/novoportal\/wp-content\/uploads\/2018\/09\/IDEB-1.jpeg\"><img loading=\"lazy\" decoding=\"async\" class=\"aligncenter  wp-image-74878\" src=\"http:\/\/www.sudoestehoje.com.br\/novoportal\/wp-content\/uploads\/2018\/09\/IDEB-1-500x315.jpeg\" alt=\"\" width=\"502\" height=\"316\" srcset=\"https:\/\/www.sudoestehoje.com.br\/novoportal\/wp-content\/uploads\/2018\/09\/IDEB-1-500x315.jpeg 500w, https:\/\/www.sudoestehoje.com.br\/novoportal\/wp-content\/uploads\/2018\/09\/IDEB-1-768x483.jpeg 768w, https:\/\/www.sudoestehoje.com.br\/novoportal\/wp-content\/uploads\/2018\/09\/IDEB-1-700x440.jpeg 700w, https:\/\/www.sudoestehoje.com.br\/novoportal\/wp-content\/uploads\/2018\/09\/IDEB-1.jpeg 1000w\" sizes=\"auto, (max-width: 502px) 100vw, 502px\" \/><\/a><\/p>\n<p>Apesar de a n\u00edvel nacional o IDEB n\u00e3o ter um crescimento expressivo ao esperado por uma demanda de v\u00e1rios contextos, no \u00e2mbito municipal, o munic\u00edpio de Caatiba segue crescendo, inclusive al\u00e9m das metas projetadas para 2021. No\u00a0munic\u00edpio, o resultado \u00e9 positivo frente \u00e0s metas individuais alcan\u00e7adas, de acordo aos n\u00edveis de profici\u00eancia dos alunos em L\u00edngua Portuguesa e Matem\u00e1tica.<\/p>\n<p>Todo esse progresso\u00a0 se\u00a0 deu gra\u00e7as ao trabalho pautado na democracia e envolvimento de todos os pares: Equipes gestoras, professores, alunos, da equipe da Secretaria Municipal\u00a0 de Educa\u00e7\u00e3o e em decorr\u00eancia aos investimentos e aten\u00e7\u00e3o da gest\u00e3o da Prefeita T\u00e2nia Ribeiro, que tem se mostrado muito comprometida com a qualidade da educa\u00e7\u00e3o no munic\u00edpio, sobretudo nos \u00e2mbitos de forma\u00e7\u00e3o continuada.<\/p>\n<p><a href=\"http:\/\/www.sudoestehoje.com.br\/novoportal\/wp-content\/uploads\/2018\/09\/IDEB-2.jpeg\"><img loading=\"lazy\" decoding=\"async\" class=\"aligncenter size-medium wp-image-74879\" src=\"http:\/\/www.sudoestehoje.com.br\/novoportal\/wp-content\/uploads\/2018\/09\/IDEB-2-500x307.jpeg\" alt=\"\" width=\"500\" height=\"307\" srcset=\"https:\/\/www.sudoestehoje.com.br\/novoportal\/wp-content\/uploads\/2018\/09\/IDEB-2-500x307.jpeg 500w, https:\/\/www.sudoestehoje.com.br\/novoportal\/wp-content\/uploads\/2018\/09\/IDEB-2-768x471.jpeg 768w, https:\/\/www.sudoestehoje.com.br\/novoportal\/wp-content\/uploads\/2018\/09\/IDEB-2-700x429.jpeg 700w, https:\/\/www.sudoestehoje.com.br\/novoportal\/wp-content\/uploads\/2018\/09\/IDEB-2.jpeg 1000w\" sizes=\"auto, (max-width: 500px) 100vw, 500px\" \/><\/a><\/p>\n<p>Segundo a Secretaria Municipal de Educa\u00e7\u00e3o, este crescimento no IDEB, tamb\u00e9m \u00e9 fruto da seriedade e a responsabilidade com que cada um desenvolveu suas a\u00e7\u00f5es na gest\u00e3o do sistema, na gest\u00e3o escolar e na sala de aula.<em> \u201cSabemos que o encadeamento dos processos de forma articulada e respons\u00e1vel se \u00e9 poss\u00edvel de ser consolidada em rede se houver uma equipe competente e com implica\u00e7\u00e3o com a educa\u00e7\u00e3o p\u00fablica no \u00e2mbito da gest\u00e3o p\u00fablica municipal, aqui isso \u00e9 digno de orgulho\u201d<\/em>, Ressalta o Secret\u00e1rio de Educa\u00e7\u00e3o Sidinei Cordeiro.<\/p>\n<p><a href=\"http:\/\/www.sudoestehoje.com.br\/novoportal\/wp-content\/uploads\/2018\/09\/IDEB-3.jpeg\"><img loading=\"lazy\" decoding=\"async\" class=\"aligncenter size-medium wp-image-74880\" src=\"http:\/\/www.sudoestehoje.com.br\/novoportal\/wp-content\/uploads\/2018\/09\/IDEB-3-500x311.jpeg\" alt=\"\" width=\"500\" height=\"311\" srcset=\"https:\/\/www.sudoestehoje.com.br\/novoportal\/wp-content\/uploads\/2018\/09\/IDEB-3-500x311.jpeg 500w, https:\/\/www.sudoestehoje.com.br\/novoportal\/wp-content\/uploads\/2018\/09\/IDEB-3-768x477.jpeg 768w, https:\/\/www.sudoestehoje.com.br\/novoportal\/wp-content\/uploads\/2018\/09\/IDEB-3-700x435.jpeg 700w, https:\/\/www.sudoestehoje.com.br\/novoportal\/wp-content\/uploads\/2018\/09\/IDEB-3.jpeg 1001w\" sizes=\"auto, (max-width: 500px) 100vw, 500px\" \/><\/a><\/p>\n<p>O \u00edndice de Desenvolvimento da Educa\u00e7\u00e3o B\u00e1sica \u2013 IDEB \u00e9 uma forma de monitorar o ensino das redes p\u00fablicas do nosso pa\u00eds, estados e munic\u00edpios.<\/p>\n<p>Todas as informa\u00e7\u00f5es a respeito dos resultados e metas do IDEB do podem ser acessadas pelo site <span style=\"color: #0000ff;\"><a style=\"color: #0000ff;\" href=\"http:\/\/ideb.inep.gov.br\/resultado\/home.seam?cid=132283.\">http:\/\/ideb.inep.gov.br\/resultado\/home.seam?cid=132283.<\/a><\/span><\/p>\n","protected":false},"excerpt":{"rendered":"<p>Apesar de a n\u00edvel nacional o IDEB n\u00e3o ter um crescimento expressivo ao esperado por uma demanda de v\u00e1rios contextos, no \u00e2mbito municipal, o munic\u00edpio de Caatiba segue crescendo, inclusive al\u00e9m das metas projetadas para 2021. No\u00a0munic\u00edpio, o resultado \u00e9 positivo frente \u00e0s metas individuais alcan\u00e7adas, de acordo aos n\u00edveis de profici\u00eancia dos alunos em [&hellip;]<\/p>\n","protected":false},"author":2,"featured_media":74878,"comment_status":"open","ping_status":"open","sticky":false,"template":"","format":"standard","meta":{"footnotes":"","_links_to":"","_links_to_target":""},"categories":[1],"tags":[],"class_list":["post-74875","post","type-post","status-publish","format-standard","has-post-thumbnail","hentry","category-geral"],"views":1238,"_links":{"self":[{"href":"https:\/\/www.sudoestehoje.com.br\/novoportal\/wp-json\/wp\/v2\/posts\/74875","targetHints":{"allow":["GET"]}}],"collection":[{"href":"https:\/\/www.sudoestehoje.com.br\/novoportal\/wp-json\/wp\/v2\/posts"}],"about":[{"href":"https:\/\/www.sudoestehoje.com.br\/novoportal\/wp-json\/wp\/v2\/types\/post"}],"author":[{"embeddable":true,"href":"https:\/\/www.sudoestehoje.com.br\/novoportal\/wp-json\/wp\/v2\/users\/2"}],"replies":[{"embeddable":true,"href":"https:\/\/www.sudoestehoje.com.br\/novoportal\/wp-json\/wp\/v2\/comments?post=74875"}],"version-history":[{"count":4,"href":"https:\/\/www.sudoestehoje.com.br\/novoportal\/wp-json\/wp\/v2\/posts\/74875\/revisions"}],"predecessor-version":[{"id":74882,"href":"https:\/\/www.sudoestehoje.com.br\/novoportal\/wp-json\/wp\/v2\/posts\/74875\/revisions\/74882"}],"wp:featuredmedia":[{"embeddable":true,"href":"https:\/\/www.sudoestehoje.com.br\/novoportal\/wp-json\/wp\/v2\/media\/74878"}],"wp:attachment":[{"href":"https:\/\/www.sudoestehoje.com.br\/novoportal\/wp-json\/wp\/v2\/media?parent=74875"}],"wp:term":[{"taxonomy":"category","embeddable":true,"href":"https:\/\/www.sudoestehoje.com.br\/novoportal\/wp-json\/wp\/v2\/categories?post=74875"},{"taxonomy":"post_tag","embeddable":true,"href":"https:\/\/www.sudoestehoje.com.br\/novoportal\/wp-json\/wp\/v2\/tags?post=74875"}],"curies":[{"name":"wp","href":"https:\/\/api.w.org\/{rel}","templated":true}]}}