
{"id":74840,"date":"2018-09-02T22:37:43","date_gmt":"2018-09-03T01:37:43","guid":{"rendered":"http:\/\/www.sudoestehoje.com.br\/novoportal\/?p=74840"},"modified":"2018-09-02T22:37:43","modified_gmt":"2018-09-03T01:37:43","slug":"incendio-destroi-museu-nacional-no-rio","status":"publish","type":"post","link":"https:\/\/www.sudoestehoje.com.br\/novoportal\/2018\/09\/02\/incendio-destroi-museu-nacional-no-rio\/","title":{"rendered":"INC\u00caNDIO DESTR\u00d3I MUSEU NACIONAL NO RIO"},"content":{"rendered":"<p><a href=\"http:\/\/www.sudoestehoje.com.br\/novoportal\/wp-content\/uploads\/2018\/09\/MUSEU-NACIONAL-RIO.jpg\"><img loading=\"lazy\" decoding=\"async\" class=\"aligncenter size-medium wp-image-74841\" src=\"http:\/\/www.sudoestehoje.com.br\/novoportal\/wp-content\/uploads\/2018\/09\/MUSEU-NACIONAL-RIO-500x300.jpg\" alt=\"\" width=\"500\" height=\"300\" srcset=\"https:\/\/www.sudoestehoje.com.br\/novoportal\/wp-content\/uploads\/2018\/09\/MUSEU-NACIONAL-RIO-500x300.jpg 500w, https:\/\/www.sudoestehoje.com.br\/novoportal\/wp-content\/uploads\/2018\/09\/MUSEU-NACIONAL-RIO.jpg 699w\" sizes=\"auto, (max-width: 500px) 100vw, 500px\" \/><\/a><\/p>\n<p>Um inc\u00eandio de grandes propor\u00e7\u00f5es atinge o Museu Nacional, na Quinta da Boa Vista, em S\u00e3o Crist\u00f3v\u00e3o, na noite deste domingo. De acordo com o Corpo de Bombeiros, cerca de 50 homens de tr\u00eas quarteis est\u00e3o no local combatendo as chamas desde as 19h. Vigilantes teriam visto um clar\u00e3o no 1\u00ba andar pouco antes de o fogo come\u00e7ar. Parte do interior do edif\u00edcio ja desabou.<\/p>\n<p><span style=\"color: #0000ff;\"><a style=\"color: #0000ff;\" href=\"https:\/\/oglobo.globo.com\/rio\/incendio-de-grande-proporcao-atinge-museu-nacional-na-quinta-da-boa-vista-em-sao-cristovao-23032665#ixzz5PzwmSmH9\">LEIA MAT\u00c9RIA COMPLETA<\/a>\u00a0<\/span><\/p>\n","protected":false},"excerpt":{"rendered":"<p>Um inc\u00eandio de grandes propor\u00e7\u00f5es atinge o Museu Nacional, na Quinta da Boa Vista, em S\u00e3o Crist\u00f3v\u00e3o, na noite deste domingo. De acordo com o Corpo de Bombeiros, cerca de 50 homens de tr\u00eas quarteis est\u00e3o no local combatendo as chamas desde as 19h. Vigilantes teriam visto um clar\u00e3o no 1\u00ba andar pouco antes de [&hellip;]<\/p>\n","protected":false},"author":2,"featured_media":74841,"comment_status":"open","ping_status":"open","sticky":false,"template":"","format":"standard","meta":{"footnotes":"","_links_to":"","_links_to_target":""},"categories":[1],"tags":[],"class_list":["post-74840","post","type-post","status-publish","format-standard","has-post-thumbnail","hentry","category-geral"],"views":1313,"_links":{"self":[{"href":"https:\/\/www.sudoestehoje.com.br\/novoportal\/wp-json\/wp\/v2\/posts\/74840","targetHints":{"allow":["GET"]}}],"collection":[{"href":"https:\/\/www.sudoestehoje.com.br\/novoportal\/wp-json\/wp\/v2\/posts"}],"about":[{"href":"https:\/\/www.sudoestehoje.com.br\/novoportal\/wp-json\/wp\/v2\/types\/post"}],"author":[{"embeddable":true,"href":"https:\/\/www.sudoestehoje.com.br\/novoportal\/wp-json\/wp\/v2\/users\/2"}],"replies":[{"embeddable":true,"href":"https:\/\/www.sudoestehoje.com.br\/novoportal\/wp-json\/wp\/v2\/comments?post=74840"}],"version-history":[{"count":1,"href":"https:\/\/www.sudoestehoje.com.br\/novoportal\/wp-json\/wp\/v2\/posts\/74840\/revisions"}],"predecessor-version":[{"id":74842,"href":"https:\/\/www.sudoestehoje.com.br\/novoportal\/wp-json\/wp\/v2\/posts\/74840\/revisions\/74842"}],"wp:featuredmedia":[{"embeddable":true,"href":"https:\/\/www.sudoestehoje.com.br\/novoportal\/wp-json\/wp\/v2\/media\/74841"}],"wp:attachment":[{"href":"https:\/\/www.sudoestehoje.com.br\/novoportal\/wp-json\/wp\/v2\/media?parent=74840"}],"wp:term":[{"taxonomy":"category","embeddable":true,"href":"https:\/\/www.sudoestehoje.com.br\/novoportal\/wp-json\/wp\/v2\/categories?post=74840"},{"taxonomy":"post_tag","embeddable":true,"href":"https:\/\/www.sudoestehoje.com.br\/novoportal\/wp-json\/wp\/v2\/tags?post=74840"}],"curies":[{"name":"wp","href":"https:\/\/api.w.org\/{rel}","templated":true}]}}