
{"id":7477,"date":"2011-08-12T00:18:32","date_gmt":"2011-08-12T03:18:32","guid":{"rendered":"http:\/\/www.sudoestehoje.com.br\/novoportal\/?p=7477"},"modified":"2011-08-12T08:08:48","modified_gmt":"2011-08-12T11:08:48","slug":"ze-otavio-criou-gosto","status":"publish","type":"post","link":"https:\/\/www.sudoestehoje.com.br\/novoportal\/2011\/08\/12\/ze-otavio-criou-gosto\/","title":{"rendered":"Z\u00c9 OT\u00c1VIO CRIOU GOSTO?"},"content":{"rendered":"<p style=\"text-align: left;\"><a href=\"http:\/\/www.google.com.br\/imgres?imgurl=http:\/\/2.bp.blogspot.com\/_vBEVDLY91Ww\/TM4Uj6jtayI\/AAAAAAAAFKI\/JIpEHMD7MbE\/s1600\/JOS%C3%89%2BOT%C3%81VIO.JPG&amp;imgrefurl=http:\/\/noticiasdeitapetinga.blogspot.com\/2010\/10\/jose-serra-vence-dilma-em-itapetinga.html&amp;usg=__U3wOS7HwC1iwj7PoBjYmItwHj2o=&amp;h=727&amp;w=885&amp;sz=263&amp;hl=pt-BR&amp;start=1&amp;zoom=1&amp;tbnid=JxKqW3Ny3oIhuM:&amp;tbnh=120&amp;tbnw=146&amp;ei=3YxEToKSGMbV0QH2moDyBw&amp;prev=\/search%3Fq%3DJOSE%2BOTAVIO%2BITAPETINGA%26um%3D1%26hl%3Dpt-BR%26sa%3DN%26rlz%3D1T4SKPB_pt-BRBR354BR359%26tbm%3Disch&amp;um=1&amp;itbs=1\"><img loading=\"lazy\" decoding=\"async\" class=\"aligncenter\" src=\"http:\/\/t1.gstatic.com\/images?q=tbn:ANd9GcQyg3liXnSavjEz9gguJkEmib4yjKu7e-6C_t4PlEhL1Z-p6VvrvPCfNjg\" alt=\"\" width=\"130\" height=\"103\" \/><\/a><br \/>\nVejam este coment\u00e1rio postado no nosso site: &#8220;<em>Na ultima Sexta feira aconteceu uma reuni\u00e3o do Democratas. O Pau quebrou pra cima de Z\u00e9 Elias. Assunto: pelo motivo que Dr. Arnaldo preferiu filiar no PR de que filiar no DEM. Segundo Z\u00e9 Elias, Arnaldo teria atendido um pedido do PCdoB para uma futura coliga\u00e7\u00e3o, e condicionou Arnaldo a n\u00e3o filiar no Democratas pois o PCdoB n\u00e3o aceitaria jamais coligar com o DEM de Dr. Jos\u00e9 Otavio. Eu soube que Dr. Jos\u00e9 Otavio ficou p&#8230; da vida com a atitude de Dr.Arnaldo e que com esta posi\u00e7\u00e3o de Dr. Arnaldo querer atropelar o processo de uni\u00e3o, o m\u00e9dico e Ex-Prefeito Dr.Jos\u00e9 Ot\u00e1vio j\u00e1 pensa em mudar de id\u00e9ia e j\u00e1 estaria disposto a colocar seu nome\u00a0\u00e0 disposi\u00e7\u00e3o para disputar as Elei\u00e7oes municipais 2012&#8243;.<\/em> Com esta, parece que o verdadeiro jogo sucess\u00f3rio, enfim, vai come\u00e7ar.<\/p>\n","protected":false},"excerpt":{"rendered":"<p>Vejam este coment\u00e1rio postado no nosso site: &#8220;Na ultima Sexta feira aconteceu uma reuni\u00e3o do Democratas. O Pau quebrou pra cima de Z\u00e9 Elias. Assunto: pelo motivo que Dr. Arnaldo preferiu filiar no PR de que filiar no DEM. Segundo Z\u00e9 Elias, Arnaldo teria atendido um pedido do PCdoB para uma futura coliga\u00e7\u00e3o, e condicionou [&hellip;]<\/p>\n","protected":false},"author":2,"featured_media":0,"comment_status":"open","ping_status":"open","sticky":false,"template":"","format":"standard","meta":{"footnotes":"","_links_to":"","_links_to_target":""},"categories":[11],"tags":[],"class_list":["post-7477","post","type-post","status-publish","format-standard","hentry","category-quentinhas"],"views":1394,"_links":{"self":[{"href":"https:\/\/www.sudoestehoje.com.br\/novoportal\/wp-json\/wp\/v2\/posts\/7477","targetHints":{"allow":["GET"]}}],"collection":[{"href":"https:\/\/www.sudoestehoje.com.br\/novoportal\/wp-json\/wp\/v2\/posts"}],"about":[{"href":"https:\/\/www.sudoestehoje.com.br\/novoportal\/wp-json\/wp\/v2\/types\/post"}],"author":[{"embeddable":true,"href":"https:\/\/www.sudoestehoje.com.br\/novoportal\/wp-json\/wp\/v2\/users\/2"}],"replies":[{"embeddable":true,"href":"https:\/\/www.sudoestehoje.com.br\/novoportal\/wp-json\/wp\/v2\/comments?post=7477"}],"version-history":[{"count":3,"href":"https:\/\/www.sudoestehoje.com.br\/novoportal\/wp-json\/wp\/v2\/posts\/7477\/revisions"}],"predecessor-version":[{"id":7479,"href":"https:\/\/www.sudoestehoje.com.br\/novoportal\/wp-json\/wp\/v2\/posts\/7477\/revisions\/7479"}],"wp:attachment":[{"href":"https:\/\/www.sudoestehoje.com.br\/novoportal\/wp-json\/wp\/v2\/media?parent=7477"}],"wp:term":[{"taxonomy":"category","embeddable":true,"href":"https:\/\/www.sudoestehoje.com.br\/novoportal\/wp-json\/wp\/v2\/categories?post=7477"},{"taxonomy":"post_tag","embeddable":true,"href":"https:\/\/www.sudoestehoje.com.br\/novoportal\/wp-json\/wp\/v2\/tags?post=7477"}],"curies":[{"name":"wp","href":"https:\/\/api.w.org\/{rel}","templated":true}]}}