
{"id":74736,"date":"2018-09-01T21:21:46","date_gmt":"2018-09-02T00:21:46","guid":{"rendered":"http:\/\/www.sudoestehoje.com.br\/novoportal\/?p=74736"},"modified":"2018-09-01T21:21:46","modified_gmt":"2018-09-02T00:21:46","slug":"rodrigo-e-michel-hagge-participam-do-lancamento-de-lucio-em-conquista","status":"publish","type":"post","link":"https:\/\/www.sudoestehoje.com.br\/novoportal\/2018\/09\/01\/rodrigo-e-michel-hagge-participam-do-lancamento-de-lucio-em-conquista\/","title":{"rendered":"RODRIGO E MICHEL HAGGE PARTICIPAM DO LAN\u00c7AMENTO DE L\u00daCIO EM CONQUISTA"},"content":{"rendered":"<p><a href=\"http:\/\/www.sudoestehoje.com.br\/novoportal\/wp-content\/uploads\/2018\/09\/lucio-1.jpg\"><img loading=\"lazy\" decoding=\"async\" class=\"aligncenter size-medium wp-image-74738\" src=\"http:\/\/www.sudoestehoje.com.br\/novoportal\/wp-content\/uploads\/2018\/09\/lucio-1-500x334.jpg\" alt=\"\" width=\"500\" height=\"334\" srcset=\"https:\/\/www.sudoestehoje.com.br\/novoportal\/wp-content\/uploads\/2018\/09\/lucio-1-500x334.jpg 500w, https:\/\/www.sudoestehoje.com.br\/novoportal\/wp-content\/uploads\/2018\/09\/lucio-1.jpg 600w\" sizes=\"auto, (max-width: 500px) 100vw, 500px\" \/><\/a><\/p>\n<p>Depois de muita expectativa, o prefeito Herzem Gusm\u00e3o Pereira definiu o seu apoio nestas Elei\u00e7\u00f5es 2018. Tratam-se do vereador Gilmar Dias Ferraz e o deputado federal L\u00facio Quadros Vieira Lima, ambos do Movimento Democr\u00e1tico Brasileiro que disputam a Assembleia Legislativa do Estado da Bahia e a C\u00e2mara dos Deputados.<\/p>\n<p><a href=\"http:\/\/www.sudoestehoje.com.br\/novoportal\/wp-content\/uploads\/2018\/09\/lucio-4.jpg\"><img loading=\"lazy\" decoding=\"async\" class=\"aligncenter size-medium wp-image-74741\" src=\"http:\/\/www.sudoestehoje.com.br\/novoportal\/wp-content\/uploads\/2018\/09\/lucio-4-500x334.jpg\" alt=\"\" width=\"500\" height=\"334\" srcset=\"https:\/\/www.sudoestehoje.com.br\/novoportal\/wp-content\/uploads\/2018\/09\/lucio-4-500x334.jpg 500w, https:\/\/www.sudoestehoje.com.br\/novoportal\/wp-content\/uploads\/2018\/09\/lucio-4.jpg 600w\" sizes=\"auto, (max-width: 500px) 100vw, 500px\" \/><\/a><\/p>\n<p>A solenidade aconteceu na manh\u00e3 deste s\u00e1bado (1) com a inaugura\u00e7\u00e3o do Comit\u00ea Central na avenida R\u00e9gis Pacheco, no Centro de Vit\u00f3ria da Conquista, e contou com a presen\u00e7a de diversas lideran\u00e7as conquistenses e regionais.<\/p>\n<p><a href=\"http:\/\/www.sudoestehoje.com.br\/novoportal\/wp-content\/uploads\/2018\/09\/lucio-3.jpg\"><img loading=\"lazy\" decoding=\"async\" class=\"aligncenter size-medium wp-image-74740\" src=\"http:\/\/www.sudoestehoje.com.br\/novoportal\/wp-content\/uploads\/2018\/09\/lucio-3-500x334.jpg\" alt=\"\" width=\"500\" height=\"334\" srcset=\"https:\/\/www.sudoestehoje.com.br\/novoportal\/wp-content\/uploads\/2018\/09\/lucio-3-500x334.jpg 500w, https:\/\/www.sudoestehoje.com.br\/novoportal\/wp-content\/uploads\/2018\/09\/lucio-3.jpg 600w\" sizes=\"auto, (max-width: 500px) 100vw, 500px\" \/><\/a><\/p>\n<p>Entre os presentes, o prefeito de Itapetinga, Rodrigo Hagge e do ex-prefeito e deputado Michel Hagge, lideran\u00e7a forte do MDB da Bahia, que foram manifestar apoio \u00e0s candidaturas de Jo\u00e3o Santana, ao governo do estado, e L\u00facio Vieira Lima, para deputado federal. \/\/<em>Fotos e informa\u00e7\u00f5es Blog do Anderson<\/em><\/p>\n","protected":false},"excerpt":{"rendered":"<p>Depois de muita expectativa, o prefeito Herzem Gusm\u00e3o Pereira definiu o seu apoio nestas Elei\u00e7\u00f5es 2018. Tratam-se do vereador Gilmar Dias Ferraz e o deputado federal L\u00facio Quadros Vieira Lima, ambos do Movimento Democr\u00e1tico Brasileiro que disputam a Assembleia Legislativa do Estado da Bahia e a C\u00e2mara dos Deputados. A solenidade aconteceu na manh\u00e3 deste [&hellip;]<\/p>\n","protected":false},"author":2,"featured_media":74738,"comment_status":"open","ping_status":"open","sticky":false,"template":"","format":"standard","meta":{"footnotes":"","_links_to":"","_links_to_target":""},"categories":[1],"tags":[],"class_list":["post-74736","post","type-post","status-publish","format-standard","has-post-thumbnail","hentry","category-geral"],"views":1221,"_links":{"self":[{"href":"https:\/\/www.sudoestehoje.com.br\/novoportal\/wp-json\/wp\/v2\/posts\/74736","targetHints":{"allow":["GET"]}}],"collection":[{"href":"https:\/\/www.sudoestehoje.com.br\/novoportal\/wp-json\/wp\/v2\/posts"}],"about":[{"href":"https:\/\/www.sudoestehoje.com.br\/novoportal\/wp-json\/wp\/v2\/types\/post"}],"author":[{"embeddable":true,"href":"https:\/\/www.sudoestehoje.com.br\/novoportal\/wp-json\/wp\/v2\/users\/2"}],"replies":[{"embeddable":true,"href":"https:\/\/www.sudoestehoje.com.br\/novoportal\/wp-json\/wp\/v2\/comments?post=74736"}],"version-history":[{"count":3,"href":"https:\/\/www.sudoestehoje.com.br\/novoportal\/wp-json\/wp\/v2\/posts\/74736\/revisions"}],"predecessor-version":[{"id":74747,"href":"https:\/\/www.sudoestehoje.com.br\/novoportal\/wp-json\/wp\/v2\/posts\/74736\/revisions\/74747"}],"wp:featuredmedia":[{"embeddable":true,"href":"https:\/\/www.sudoestehoje.com.br\/novoportal\/wp-json\/wp\/v2\/media\/74738"}],"wp:attachment":[{"href":"https:\/\/www.sudoestehoje.com.br\/novoportal\/wp-json\/wp\/v2\/media?parent=74736"}],"wp:term":[{"taxonomy":"category","embeddable":true,"href":"https:\/\/www.sudoestehoje.com.br\/novoportal\/wp-json\/wp\/v2\/categories?post=74736"},{"taxonomy":"post_tag","embeddable":true,"href":"https:\/\/www.sudoestehoje.com.br\/novoportal\/wp-json\/wp\/v2\/tags?post=74736"}],"curies":[{"name":"wp","href":"https:\/\/api.w.org\/{rel}","templated":true}]}}