
{"id":74728,"date":"2018-09-01T00:48:09","date_gmt":"2018-09-01T03:48:09","guid":{"rendered":"http:\/\/www.sudoestehoje.com.br\/novoportal\/?p=74728"},"modified":"2018-09-01T00:50:43","modified_gmt":"2018-09-01T03:50:43","slug":"itapetinga-aleluia-diz-modelo-de-educacao-de-rui-e-falido-e-um-crime-contra-uma-geracao-inteira","status":"publish","type":"post","link":"https:\/\/www.sudoestehoje.com.br\/novoportal\/2018\/09\/01\/itapetinga-aleluia-diz-modelo-de-educacao-de-rui-e-falido-e-um-crime-contra-uma-geracao-inteira\/","title":{"rendered":"ITAPETINGA: ALELUIA DIZ QUE MODELO DE EDUCA\u00c7\u00c3O DE RUI \u00c9 FALIDO; &#8220;\u00c9 UM CRIME CONTRA UMA GERA\u00c7\u00c3O INTEIRA&#8221;"},"content":{"rendered":"<p><a href=\"http:\/\/www.sudoestehoje.com.br\/novoportal\/wp-content\/uploads\/2018\/09\/ALELUIA-DEM.jpg\"><img loading=\"lazy\" decoding=\"async\" class=\"aligncenter size-medium wp-image-74730\" src=\"http:\/\/www.sudoestehoje.com.br\/novoportal\/wp-content\/uploads\/2018\/09\/ALELUIA-DEM-500x281.jpg\" alt=\"\" width=\"500\" height=\"281\" srcset=\"https:\/\/www.sudoestehoje.com.br\/novoportal\/wp-content\/uploads\/2018\/09\/ALELUIA-DEM-500x281.jpg 500w, https:\/\/www.sudoestehoje.com.br\/novoportal\/wp-content\/uploads\/2018\/09\/ALELUIA-DEM-768x432.jpg 768w, https:\/\/www.sudoestehoje.com.br\/novoportal\/wp-content\/uploads\/2018\/09\/ALELUIA-DEM-700x394.jpg 700w, https:\/\/www.sudoestehoje.com.br\/novoportal\/wp-content\/uploads\/2018\/09\/ALELUIA-DEM.jpg 960w\" sizes=\"auto, (max-width: 500px) 100vw, 500px\" \/><\/a><\/p>\n<p>Durante a inaugura\u00e7\u00e3o do comit\u00ea pol\u00edtico do Democratas em Itapetinga, nesta sexta-feira (31), o deputado federal e candidato \u00e0 reelei\u00e7\u00e3o, Jos\u00e9 Carlos Aleluia (DEM), teceu duras cr\u00edticas ao modelo de educa\u00e7\u00e3o petista na Bahia, que colocou o estado nas \u00faltimas posi\u00e7\u00f5es, em um ranking divulgado pelo Minist\u00e9rio da Educa\u00e7\u00e3o.<\/p>\n<p><em>&#8220;O que Rui do PT faz com a educa\u00e7\u00e3o em nosso estado \u00e9 um crime contra uma gera\u00e7\u00e3o inteira de baianos. Constatar que nossos estudantes n\u00e3o sabem nem portugu\u00eas nem matem\u00e1tica \u00e9 constatar que eles tamb\u00e9m n\u00e3o estar\u00e3o preparados para preencher os melhores postos de trabalho&#8221;<\/em>, disse o presidente estadual do DEM e deputado federal candidato \u00e0 reelei\u00e7\u00e3o, Jos\u00e9 Carlos Aleluia.<\/p>\n<p>O democrata afirmou que o problema da educa\u00e7\u00e3o no estado tamb\u00e9m passa pela gest\u00e3o. <em>&#8220;Al\u00e9m de adotar uma linha pedag\u00f3gica que despreza o aprendizado, as nossas escolas passam por dificuldades para funcionar como devem. Durante os governos petistas, tornou-se normal o atraso a fornecedores, as paralisa\u00e7\u00f5es de aulas porque n\u00e3o havia quem fizesse a limpeza. Mas n\u00e3o \u00e9 falta de dinheiro; \u00e9 falta de gest\u00e3o com o dinheiro do pagadores de impostos&#8221;<\/em>, apontou Aleluia.<\/p>\n<p>No ranking apresentado pelo Minist\u00e9rio da Educa\u00e7\u00e3o e pelo Instituto Nacional de Estudos e Pesquisas Educacionais An\u00edsio Teixeira (Inep), as escolas estaduais baianas aparecem na 25\u00aa posi\u00e7\u00e3o (terceira pior coloca\u00e7\u00e3o entre as 27 unidades da federa\u00e7\u00e3o) nas notas de Matem\u00e1tica, com 243 pontos, atr\u00e1s apenas de Amap\u00e1 (242) e Par\u00e1 (237).<\/p>\n<p>Em Portugu\u00eas, o estado apresentou o segundo pior resultado nacional, com 242 pontos, atr\u00e1s do Par\u00e1, com 237. <em>&#8220;\u00c9 preciso retirar o PT do poder para sanar o mal que realizam na educa\u00e7\u00e3o. As escolas tornaram-se grandes centros de forma\u00e7\u00e3o de militantes e isso n\u00e3o pode continuar. Rui Costa n\u00e3o expandiu o ensino e tamb\u00e9m n\u00e3o cuidou da rede j\u00e1 existente&#8221;<\/em>, comentou o deputado Aleluia.<\/p>\n","protected":false},"excerpt":{"rendered":"<p>Durante a inaugura\u00e7\u00e3o do comit\u00ea pol\u00edtico do Democratas em Itapetinga, nesta sexta-feira (31), o deputado federal e candidato \u00e0 reelei\u00e7\u00e3o, Jos\u00e9 Carlos Aleluia (DEM), teceu duras cr\u00edticas ao modelo de educa\u00e7\u00e3o petista na Bahia, que colocou o estado nas \u00faltimas posi\u00e7\u00f5es, em um ranking divulgado pelo Minist\u00e9rio da Educa\u00e7\u00e3o. &#8220;O que Rui do PT faz [&hellip;]<\/p>\n","protected":false},"author":2,"featured_media":74730,"comment_status":"open","ping_status":"open","sticky":false,"template":"","format":"standard","meta":{"footnotes":"","_links_to":"","_links_to_target":""},"categories":[1],"tags":[],"class_list":["post-74728","post","type-post","status-publish","format-standard","has-post-thumbnail","hentry","category-geral"],"views":1166,"_links":{"self":[{"href":"https:\/\/www.sudoestehoje.com.br\/novoportal\/wp-json\/wp\/v2\/posts\/74728","targetHints":{"allow":["GET"]}}],"collection":[{"href":"https:\/\/www.sudoestehoje.com.br\/novoportal\/wp-json\/wp\/v2\/posts"}],"about":[{"href":"https:\/\/www.sudoestehoje.com.br\/novoportal\/wp-json\/wp\/v2\/types\/post"}],"author":[{"embeddable":true,"href":"https:\/\/www.sudoestehoje.com.br\/novoportal\/wp-json\/wp\/v2\/users\/2"}],"replies":[{"embeddable":true,"href":"https:\/\/www.sudoestehoje.com.br\/novoportal\/wp-json\/wp\/v2\/comments?post=74728"}],"version-history":[{"count":4,"href":"https:\/\/www.sudoestehoje.com.br\/novoportal\/wp-json\/wp\/v2\/posts\/74728\/revisions"}],"predecessor-version":[{"id":74733,"href":"https:\/\/www.sudoestehoje.com.br\/novoportal\/wp-json\/wp\/v2\/posts\/74728\/revisions\/74733"}],"wp:featuredmedia":[{"embeddable":true,"href":"https:\/\/www.sudoestehoje.com.br\/novoportal\/wp-json\/wp\/v2\/media\/74730"}],"wp:attachment":[{"href":"https:\/\/www.sudoestehoje.com.br\/novoportal\/wp-json\/wp\/v2\/media?parent=74728"}],"wp:term":[{"taxonomy":"category","embeddable":true,"href":"https:\/\/www.sudoestehoje.com.br\/novoportal\/wp-json\/wp\/v2\/categories?post=74728"},{"taxonomy":"post_tag","embeddable":true,"href":"https:\/\/www.sudoestehoje.com.br\/novoportal\/wp-json\/wp\/v2\/tags?post=74728"}],"curies":[{"name":"wp","href":"https:\/\/api.w.org\/{rel}","templated":true}]}}