
{"id":74713,"date":"2018-08-31T09:12:11","date_gmt":"2018-08-31T12:12:11","guid":{"rendered":"http:\/\/www.sudoestehoje.com.br\/novoportal\/?p=74713"},"modified":"2018-08-31T09:12:11","modified_gmt":"2018-08-31T12:12:11","slug":"inauguracao-do-comite-de-antonio-brito-reune-centenas-de-pessoas-em-itapetinga","status":"publish","type":"post","link":"https:\/\/www.sudoestehoje.com.br\/novoportal\/2018\/08\/31\/inauguracao-do-comite-de-antonio-brito-reune-centenas-de-pessoas-em-itapetinga\/","title":{"rendered":"INAUGURA\u00c7\u00c3O DO COMIT\u00ca DE ANT\u00d4NIO BRITO RE\u00daNE CENTENAS DE PESSOAS EM ITAPETINGA"},"content":{"rendered":"<p><a href=\"http:\/\/www.sudoestehoje.com.br\/novoportal\/wp-content\/uploads\/2018\/08\/br-3.jpg\"><img loading=\"lazy\" decoding=\"async\" class=\"aligncenter size-medium wp-image-74714\" src=\"http:\/\/www.sudoestehoje.com.br\/novoportal\/wp-content\/uploads\/2018\/08\/br-3-500x281.jpg\" alt=\"\" width=\"500\" height=\"281\" srcset=\"https:\/\/www.sudoestehoje.com.br\/novoportal\/wp-content\/uploads\/2018\/08\/br-3-500x281.jpg 500w, https:\/\/www.sudoestehoje.com.br\/novoportal\/wp-content\/uploads\/2018\/08\/br-3-768x432.jpg 768w, https:\/\/www.sudoestehoje.com.br\/novoportal\/wp-content\/uploads\/2018\/08\/br-3-700x394.jpg 700w, https:\/\/www.sudoestehoje.com.br\/novoportal\/wp-content\/uploads\/2018\/08\/br-3.jpg 960w\" sizes=\"auto, (max-width: 500px) 100vw, 500px\" \/><\/a>Com a presen\u00e7a de lideran\u00e7as politicas e de representa\u00e7\u00f5es de todas as cidades que comp\u00f5e a microrregi\u00e3o de Itapetinga, o deputado federal Antonio Brito demonstrou a for\u00e7a da sua atua\u00e7\u00e3o no m\u00e9dio sudoeste, na inaugura\u00e7\u00e3o do seu comit\u00ea, em Itapetinga.<\/p>\n<p><a href=\"http:\/\/www.sudoestehoje.com.br\/novoportal\/wp-content\/uploads\/2018\/08\/br-2.jpg\"><img loading=\"lazy\" decoding=\"async\" class=\"aligncenter size-medium wp-image-74715\" src=\"http:\/\/www.sudoestehoje.com.br\/novoportal\/wp-content\/uploads\/2018\/08\/br-2-500x281.jpg\" alt=\"\" width=\"500\" height=\"281\" srcset=\"https:\/\/www.sudoestehoje.com.br\/novoportal\/wp-content\/uploads\/2018\/08\/br-2-500x281.jpg 500w, https:\/\/www.sudoestehoje.com.br\/novoportal\/wp-content\/uploads\/2018\/08\/br-2-768x432.jpg 768w, https:\/\/www.sudoestehoje.com.br\/novoportal\/wp-content\/uploads\/2018\/08\/br-2-700x394.jpg 700w, https:\/\/www.sudoestehoje.com.br\/novoportal\/wp-content\/uploads\/2018\/08\/br-2.jpg 960w\" sizes=\"auto, (max-width: 500px) 100vw, 500px\" \/><\/a><\/p>\n<p>Prefeitos, vice-prefeitos e vereadores estavam motivados para multiplicar as propostas de uma melhor sa\u00fade e desenvolvimento para esta regi\u00e3o. Sob a coordena\u00e7\u00e3o regional de Leonardo Matos, os munic\u00edpios compareceram em carreata em um grande movimento pelas ruas de Itapetinga.<\/p>\n<p><a href=\"http:\/\/www.sudoestehoje.com.br\/novoportal\/wp-content\/uploads\/2018\/08\/br-1.jpg\"><img loading=\"lazy\" decoding=\"async\" class=\"aligncenter size-medium wp-image-74716\" src=\"http:\/\/www.sudoestehoje.com.br\/novoportal\/wp-content\/uploads\/2018\/08\/br-1-500x375.jpg\" alt=\"\" width=\"500\" height=\"375\" srcset=\"https:\/\/www.sudoestehoje.com.br\/novoportal\/wp-content\/uploads\/2018\/08\/br-1-500x375.jpg 500w, https:\/\/www.sudoestehoje.com.br\/novoportal\/wp-content\/uploads\/2018\/08\/br-1-768x576.jpg 768w, https:\/\/www.sudoestehoje.com.br\/novoportal\/wp-content\/uploads\/2018\/08\/br-1-700x525.jpg 700w, https:\/\/www.sudoestehoje.com.br\/novoportal\/wp-content\/uploads\/2018\/08\/br-1.jpg 960w\" sizes=\"auto, (max-width: 500px) 100vw, 500px\" \/><\/a><\/p>\n<p>Ao lado de Antonio Brito, o seu pai, ex-prefeito e vereador de Salvador, Edvaldo Brito, mostrou entusiasmo e pediu empenho ao p\u00fablico presente. Compareceram ao evento o prefeito de Ibicu\u00ed, Marcos Galv\u00e3o; o prefeito de Ilh\u00e9us, Mar\u00e3o; a candidata a deputada estadual, \u00c2ngela Souza; os vereadores de Itapetinga Valquir\u00e3o, Z\u00e9 Antunes, Diga Diga e Gilmar Piritiba; o ex-prefeito Al\u00e9cio Chaves; a ex-vice-prefeita, Katia Espinheira; o presidente do PSD de Itapetinga, Alfredo Cabral, al\u00e9m de dezenas de vereadores e ex-vereadores das 13 cidades da microrregi\u00e3o. \/\/<strong><em>Ascom<\/em><\/strong><\/p>\n","protected":false},"excerpt":{"rendered":"<p>Com a presen\u00e7a de lideran\u00e7as politicas e de representa\u00e7\u00f5es de todas as cidades que comp\u00f5e a microrregi\u00e3o de Itapetinga, o deputado federal Antonio Brito demonstrou a for\u00e7a da sua atua\u00e7\u00e3o no m\u00e9dio sudoeste, na inaugura\u00e7\u00e3o do seu comit\u00ea, em Itapetinga. Prefeitos, vice-prefeitos e vereadores estavam motivados para multiplicar as propostas de uma melhor sa\u00fade e [&hellip;]<\/p>\n","protected":false},"author":2,"featured_media":74714,"comment_status":"open","ping_status":"open","sticky":false,"template":"","format":"standard","meta":{"footnotes":"","_links_to":"","_links_to_target":""},"categories":[1],"tags":[],"class_list":["post-74713","post","type-post","status-publish","format-standard","has-post-thumbnail","hentry","category-geral"],"views":1490,"_links":{"self":[{"href":"https:\/\/www.sudoestehoje.com.br\/novoportal\/wp-json\/wp\/v2\/posts\/74713","targetHints":{"allow":["GET"]}}],"collection":[{"href":"https:\/\/www.sudoestehoje.com.br\/novoportal\/wp-json\/wp\/v2\/posts"}],"about":[{"href":"https:\/\/www.sudoestehoje.com.br\/novoportal\/wp-json\/wp\/v2\/types\/post"}],"author":[{"embeddable":true,"href":"https:\/\/www.sudoestehoje.com.br\/novoportal\/wp-json\/wp\/v2\/users\/2"}],"replies":[{"embeddable":true,"href":"https:\/\/www.sudoestehoje.com.br\/novoportal\/wp-json\/wp\/v2\/comments?post=74713"}],"version-history":[{"count":3,"href":"https:\/\/www.sudoestehoje.com.br\/novoportal\/wp-json\/wp\/v2\/posts\/74713\/revisions"}],"predecessor-version":[{"id":74719,"href":"https:\/\/www.sudoestehoje.com.br\/novoportal\/wp-json\/wp\/v2\/posts\/74713\/revisions\/74719"}],"wp:featuredmedia":[{"embeddable":true,"href":"https:\/\/www.sudoestehoje.com.br\/novoportal\/wp-json\/wp\/v2\/media\/74714"}],"wp:attachment":[{"href":"https:\/\/www.sudoestehoje.com.br\/novoportal\/wp-json\/wp\/v2\/media?parent=74713"}],"wp:term":[{"taxonomy":"category","embeddable":true,"href":"https:\/\/www.sudoestehoje.com.br\/novoportal\/wp-json\/wp\/v2\/categories?post=74713"},{"taxonomy":"post_tag","embeddable":true,"href":"https:\/\/www.sudoestehoje.com.br\/novoportal\/wp-json\/wp\/v2\/tags?post=74713"}],"curies":[{"name":"wp","href":"https:\/\/api.w.org\/{rel}","templated":true}]}}