
{"id":74710,"date":"2018-08-30T22:21:15","date_gmt":"2018-08-31T01:21:15","guid":{"rendered":"http:\/\/www.sudoestehoje.com.br\/novoportal\/?p=74710"},"modified":"2018-08-30T22:21:15","modified_gmt":"2018-08-31T01:21:15","slug":"ministro-da-educacao-diz-que-o-ensino-medio-no-brasil-esta-no-fundo-do-poco","status":"publish","type":"post","link":"https:\/\/www.sudoestehoje.com.br\/novoportal\/2018\/08\/30\/ministro-da-educacao-diz-que-o-ensino-medio-no-brasil-esta-no-fundo-do-poco\/","title":{"rendered":"MINISTRO DA EDUCA\u00c7\u00c3O DIZ QUE O ENSINO M\u00c9DIO NO BRASIL EST\u00c1 NO &#8220;FUNDO DO PO\u00c7O&#8221;"},"content":{"rendered":"<div id=\"attachment_74711\" style=\"width: 510px\" class=\"wp-caption aligncenter\"><a href=\"http:\/\/www.sudoestehoje.com.br\/novoportal\/wp-content\/uploads\/2018\/08\/rossieli-868x644.jpg\"><img loading=\"lazy\" decoding=\"async\" aria-describedby=\"caption-attachment-74711\" class=\"size-medium wp-image-74711\" src=\"http:\/\/www.sudoestehoje.com.br\/novoportal\/wp-content\/uploads\/2018\/08\/rossieli-868x644-500x371.jpg\" alt=\"\" width=\"500\" height=\"371\" srcset=\"https:\/\/www.sudoestehoje.com.br\/novoportal\/wp-content\/uploads\/2018\/08\/rossieli-868x644-500x371.jpg 500w, https:\/\/www.sudoestehoje.com.br\/novoportal\/wp-content\/uploads\/2018\/08\/rossieli-868x644-768x570.jpg 768w, https:\/\/www.sudoestehoje.com.br\/novoportal\/wp-content\/uploads\/2018\/08\/rossieli-868x644-700x519.jpg 700w, https:\/\/www.sudoestehoje.com.br\/novoportal\/wp-content\/uploads\/2018\/08\/rossieli-868x644.jpg 868w\" sizes=\"auto, (max-width: 500px) 100vw, 500px\" \/><\/a><p id=\"caption-attachment-74711\" class=\"wp-caption-text\">O ministro da Educa\u00e7\u00e3o, Rossieli Silva, durante apresenta\u00e7\u00e3o do sistema de inscri\u00e7\u00e3o para o Exame Nacional do Ensino M\u00e9dio (Enem) 2018.<\/p><\/div>\n<p>Os resultados da avalia\u00e7\u00e3o do\u00a0Saeb (Sistema de Avalia\u00e7\u00e3o da Educa\u00e7\u00e3o B\u00e1sica), divulgados nesta\u00a05\u00aa feira (30.ago.2018), demonstram que o sistema educacional brasileiro est\u00e1 praticamente estagnado desde 2009.<\/p>\n<p>Para o ministro da Educa\u00e7\u00e3o, Rosseli Soares, o desempenho revelado \u00e9 um\u00a0<em>\u201cdesastre\u201d<\/em>\u00a0e confirma a necessidade de mudan\u00e7a apresentada pelo projeto do\u00a0Novo Ensino M\u00e9dio\u00a0a ser implementado nos pr\u00f3ximos anos.<\/p>\n<div class=\"enviar\"><\/div>\n<p>O ministro disse ainda que o sistema est\u00e1\u00a0<em>\u201cfalido\u201d<\/em>\u00a0e corre o risco de chegar ao\u00a0<em>\u201cfundo do po\u00e7o<\/em>\u201c. A declara\u00e7\u00e3o foi dada ap\u00f3s a divulga\u00e7\u00e3o dos resultados que demonstraram que os estudantes brasileiros est\u00e3o terminando o ensino m\u00e9dio sem ser realmente eficientes em portugu\u00eas e matem\u00e1tica. Sete a cada 10 alunos do ensino b\u00e1sico t\u00eam n\u00edvel insuficiente nas disciplinas.<\/p>\n<p class=\"p1\">Apenas 1,62% dos estudantes que cursam o \u00faltimo ano do ensino b\u00e1sico alcan\u00e7aram n\u00edveis de aprendizagem considerados adequados pelo MEC (Minist\u00e9rio da Educa\u00e7\u00e3o) em L\u00edngua Portuguesa.<\/p>\n<p class=\"p1\">Em Matem\u00e1tica a situa\u00e7\u00e3o n\u00e3o \u00e9 muito melhor. S\u00f3 4,52% dos alunos superaram o n\u00edvel 7 na escala de profici\u00eancia da avalia\u00e7\u00e3o.<\/p>\n<p class=\"p1\">A prova foi realizada com 1,4 milh\u00f5es de alunos do \u00faltimo ano do ensino m\u00e9dio. Segundo o levantamento, os ganhos de aprendizagem desta etapa est\u00e3o quase sendo ultrapassadas pelo Ensino Fundamental.<\/p>\n<div class=\"enviar\">\n<p class=\"p1\">Na pr\u00e1tica, os n\u00fameros significam que ao concluir o ensino m\u00e9dio a maioria dos alunos n\u00e3o consegue interpretar informa\u00e7\u00f5es expl\u00edcitas nos textos, resolver problemas b\u00e1sicos ou reconhecer gr\u00e1ficos a partir de valores fornecidos nos textos.<\/p>\n<\/div>\n<p class=\"p1\">Ao todo, cerca de 70 mil escolas p\u00fablicas e particulares participaram da prova aplicada em todo o territ\u00f3rio nacional. Os Estados mais bem avaliados foram:<\/p>\n<ul>\n<li class=\"p1\">Distrito Federal;<\/li>\n<\/ul>\n<ul>\n<li>Santa Catarina;<\/li>\n<\/ul>\n<ul>\n<li class=\"p1\">Esp\u00edrito Santo;<\/li>\n<\/ul>\n<ul>\n<li class=\"p1\">Goi\u00e1s;<\/li>\n<\/ul>\n<ul>\n<li class=\"p1\">Minas Gerais;<\/li>\n<\/ul>\n<ul>\n<li class=\"p1\">Paran\u00e1;<\/li>\n<\/ul>\n<ul>\n<li class=\"p1\">Rio de Janeiro;<\/li>\n<\/ul>\n<ul>\n<li class=\"p1\">Rio Grande do Sul;<\/li>\n<\/ul>\n<ul>\n<li class=\"p1\">S\u00e3o Paulo<\/li>\n<\/ul>\n<p>O Saeb \u00e9 realizado a cada 2 anos e mede a aprendizagem dos alunos ao fim de cada etapa de ensino: ao 5\u00ba e 9\u00ba anos do ensino fundamental e 3\u00ba ano do ensino m\u00e9dio.<\/p>\n","protected":false},"excerpt":{"rendered":"<p>Os resultados da avalia\u00e7\u00e3o do\u00a0Saeb (Sistema de Avalia\u00e7\u00e3o da Educa\u00e7\u00e3o B\u00e1sica), divulgados nesta\u00a05\u00aa feira (30.ago.2018), demonstram que o sistema educacional brasileiro est\u00e1 praticamente estagnado desde 2009. Para o ministro da Educa\u00e7\u00e3o, Rosseli Soares, o desempenho revelado \u00e9 um\u00a0\u201cdesastre\u201d\u00a0e confirma a necessidade de mudan\u00e7a apresentada pelo projeto do\u00a0Novo Ensino M\u00e9dio\u00a0a ser implementado nos pr\u00f3ximos anos. O [&hellip;]<\/p>\n","protected":false},"author":2,"featured_media":74711,"comment_status":"open","ping_status":"open","sticky":false,"template":"","format":"standard","meta":{"footnotes":"","_links_to":"","_links_to_target":""},"categories":[1],"tags":[],"class_list":["post-74710","post","type-post","status-publish","format-standard","has-post-thumbnail","hentry","category-geral"],"views":1146,"_links":{"self":[{"href":"https:\/\/www.sudoestehoje.com.br\/novoportal\/wp-json\/wp\/v2\/posts\/74710","targetHints":{"allow":["GET"]}}],"collection":[{"href":"https:\/\/www.sudoestehoje.com.br\/novoportal\/wp-json\/wp\/v2\/posts"}],"about":[{"href":"https:\/\/www.sudoestehoje.com.br\/novoportal\/wp-json\/wp\/v2\/types\/post"}],"author":[{"embeddable":true,"href":"https:\/\/www.sudoestehoje.com.br\/novoportal\/wp-json\/wp\/v2\/users\/2"}],"replies":[{"embeddable":true,"href":"https:\/\/www.sudoestehoje.com.br\/novoportal\/wp-json\/wp\/v2\/comments?post=74710"}],"version-history":[{"count":1,"href":"https:\/\/www.sudoestehoje.com.br\/novoportal\/wp-json\/wp\/v2\/posts\/74710\/revisions"}],"predecessor-version":[{"id":74712,"href":"https:\/\/www.sudoestehoje.com.br\/novoportal\/wp-json\/wp\/v2\/posts\/74710\/revisions\/74712"}],"wp:featuredmedia":[{"embeddable":true,"href":"https:\/\/www.sudoestehoje.com.br\/novoportal\/wp-json\/wp\/v2\/media\/74711"}],"wp:attachment":[{"href":"https:\/\/www.sudoestehoje.com.br\/novoportal\/wp-json\/wp\/v2\/media?parent=74710"}],"wp:term":[{"taxonomy":"category","embeddable":true,"href":"https:\/\/www.sudoestehoje.com.br\/novoportal\/wp-json\/wp\/v2\/categories?post=74710"},{"taxonomy":"post_tag","embeddable":true,"href":"https:\/\/www.sudoestehoje.com.br\/novoportal\/wp-json\/wp\/v2\/tags?post=74710"}],"curies":[{"name":"wp","href":"https:\/\/api.w.org\/{rel}","templated":true}]}}