
{"id":74706,"date":"2018-08-30T19:36:56","date_gmt":"2018-08-30T22:36:56","guid":{"rendered":"http:\/\/www.sudoestehoje.com.br\/novoportal\/?p=74706"},"modified":"2018-08-30T19:36:56","modified_gmt":"2018-08-30T22:36:56","slug":"assessor-de-ronaldo-carletto-e-alvo-de-conducao-coercitiva-em-operacao-da-pf","status":"publish","type":"post","link":"https:\/\/www.sudoestehoje.com.br\/novoportal\/2018\/08\/30\/assessor-de-ronaldo-carletto-e-alvo-de-conducao-coercitiva-em-operacao-da-pf\/","title":{"rendered":"ASSESSOR DE RONALDO CARLETTO \u00c9 ALVO DE CONDU\u00c7\u00c3O COERCITIVA EM OPERA\u00c7\u00c3O DA PF"},"content":{"rendered":"<p><a href=\"http:\/\/www.sudoestehoje.com.br\/novoportal\/wp-content\/uploads\/2018\/08\/ASSESSOR-CARLETTO-1.jpg\"><img loading=\"lazy\" decoding=\"async\" class=\"wp-image-74708 alignleft\" src=\"http:\/\/www.sudoestehoje.com.br\/novoportal\/wp-content\/uploads\/2018\/08\/ASSESSOR-CARLETTO-1.jpg\" alt=\"\" width=\"196\" height=\"274\" \/><\/a><\/p>\n<p>Alvo de condu\u00e7\u00e3o coercitiva no \u00e2mbito da\u00a0Opera\u00e7\u00e3o Condotieri, deflagrada hoje (30) pela Pol\u00edcia Federal para desbaratar esquemas de fraude eleitoral em Vit\u00f3ria da Conquista, Vivaldo G\u00f3is de Oliveira \u00e9 assessor do deputado federal Ronaldo Carletto (PP).<\/p>\n<p>Al\u00e9m de auxiliar do parlamentar, ele foi presidente do Pros na Bahia. Segundo a Pol\u00edcia Federal, uma arma foi apreendida na casa do dirigente. \u201cMuito material foi apreendido. Em Salvador, nenhum valor em esp\u00e9cie. Na casa de um assessor, apreenderam uma arma Taurus. Tamb\u00e9m foram apreendidos documentos que a gente j\u00e1 esperava\u201d, disse o delegado Daniel Justo Madruga.<\/p>\n<section class=\"col-esq\">\n<article class=\"noticia-interna\">\n<div class=\"desc-noticia\">\n<div class=\"corpo-noticia\">\n<p>Tamb\u00e9m integrante do bra\u00e7o pol\u00edtico do esquema, o vereador de Conquista, Rodrigo Moreira (PP), foi afastado do cargo. Ent\u00e3o candidato em 2016, o pepista teria oferecido emprego a eleitores no novo pres\u00eddio de Vit\u00f3ria da Conquista, que estava prestes a ser inaugurado, em troca de apoio na campanha e de votos.<\/p>\n<p>O gabinete do ex-deputado estadual e ex-presidente da Assembleia Legislativa, Cl\u00f3vis Ferraz (PSD), tamb\u00e9m foi alvo de busca e apreens\u00e3o.<\/p>\n<p>A opera\u00e7\u00e3o, com mais de 100 policiais envolvidos, cumpriu 29 mandados de busca e apreens\u00e3o, 23 mandados de medidas cautelares diversas da pris\u00e3o e 61 mandados de intima\u00e7\u00e3o nos munic\u00edpios baianos de Vit\u00f3ria da Conquista, Itabuna, Wenceslau Guimar\u00e3es, Salvador e Lauro de Freitas, al\u00e9m do Rio de Janeiro (RJ) e Cuiab\u00e1 (MT).<\/p>\n<\/div>\n<\/div>\n<\/article>\n<\/section>\n","protected":false},"excerpt":{"rendered":"<p>Alvo de condu\u00e7\u00e3o coercitiva no \u00e2mbito da\u00a0Opera\u00e7\u00e3o Condotieri, deflagrada hoje (30) pela Pol\u00edcia Federal para desbaratar esquemas de fraude eleitoral em Vit\u00f3ria da Conquista, Vivaldo G\u00f3is de Oliveira \u00e9 assessor do deputado federal Ronaldo Carletto (PP). Al\u00e9m de auxiliar do parlamentar, ele foi presidente do Pros na Bahia. Segundo a Pol\u00edcia Federal, uma arma foi [&hellip;]<\/p>\n","protected":false},"author":2,"featured_media":74708,"comment_status":"open","ping_status":"open","sticky":false,"template":"","format":"standard","meta":{"footnotes":"","_links_to":"","_links_to_target":""},"categories":[1],"tags":[],"class_list":["post-74706","post","type-post","status-publish","format-standard","has-post-thumbnail","hentry","category-geral"],"views":1497,"_links":{"self":[{"href":"https:\/\/www.sudoestehoje.com.br\/novoportal\/wp-json\/wp\/v2\/posts\/74706","targetHints":{"allow":["GET"]}}],"collection":[{"href":"https:\/\/www.sudoestehoje.com.br\/novoportal\/wp-json\/wp\/v2\/posts"}],"about":[{"href":"https:\/\/www.sudoestehoje.com.br\/novoportal\/wp-json\/wp\/v2\/types\/post"}],"author":[{"embeddable":true,"href":"https:\/\/www.sudoestehoje.com.br\/novoportal\/wp-json\/wp\/v2\/users\/2"}],"replies":[{"embeddable":true,"href":"https:\/\/www.sudoestehoje.com.br\/novoportal\/wp-json\/wp\/v2\/comments?post=74706"}],"version-history":[{"count":1,"href":"https:\/\/www.sudoestehoje.com.br\/novoportal\/wp-json\/wp\/v2\/posts\/74706\/revisions"}],"predecessor-version":[{"id":74709,"href":"https:\/\/www.sudoestehoje.com.br\/novoportal\/wp-json\/wp\/v2\/posts\/74706\/revisions\/74709"}],"wp:featuredmedia":[{"embeddable":true,"href":"https:\/\/www.sudoestehoje.com.br\/novoportal\/wp-json\/wp\/v2\/media\/74708"}],"wp:attachment":[{"href":"https:\/\/www.sudoestehoje.com.br\/novoportal\/wp-json\/wp\/v2\/media?parent=74706"}],"wp:term":[{"taxonomy":"category","embeddable":true,"href":"https:\/\/www.sudoestehoje.com.br\/novoportal\/wp-json\/wp\/v2\/categories?post=74706"},{"taxonomy":"post_tag","embeddable":true,"href":"https:\/\/www.sudoestehoje.com.br\/novoportal\/wp-json\/wp\/v2\/tags?post=74706"}],"curies":[{"name":"wp","href":"https:\/\/api.w.org\/{rel}","templated":true}]}}