
{"id":74679,"date":"2018-08-29T21:01:46","date_gmt":"2018-08-30T00:01:46","guid":{"rendered":"http:\/\/www.sudoestehoje.com.br\/novoportal\/?p=74679"},"modified":"2018-08-29T21:13:20","modified_gmt":"2018-08-30T00:13:20","slug":"antonio-brito-inaugura-comite-nesta-quinta","status":"publish","type":"post","link":"https:\/\/www.sudoestehoje.com.br\/novoportal\/2018\/08\/29\/antonio-brito-inaugura-comite-nesta-quinta\/","title":{"rendered":"ANT\u00d4NIO BRITO INAUGURA COMIT\u00ca POL\u00cdTICO EM ITAPETINGA NESTA QUINTA"},"content":{"rendered":"<p><a href=\"http:\/\/www.sudoestehoje.com.br\/novoportal\/wp-content\/uploads\/2018\/08\/brito-e-edvaldo.jpg\"><img loading=\"lazy\" decoding=\"async\" class=\"aligncenter size-medium wp-image-74681\" src=\"http:\/\/www.sudoestehoje.com.br\/novoportal\/wp-content\/uploads\/2018\/08\/brito-e-edvaldo-500x286.jpg\" alt=\"\" width=\"500\" height=\"286\" srcset=\"https:\/\/www.sudoestehoje.com.br\/novoportal\/wp-content\/uploads\/2018\/08\/brito-e-edvaldo-500x286.jpg 500w, https:\/\/www.sudoestehoje.com.br\/novoportal\/wp-content\/uploads\/2018\/08\/brito-e-edvaldo-700x401.jpg 700w, https:\/\/www.sudoestehoje.com.br\/novoportal\/wp-content\/uploads\/2018\/08\/brito-e-edvaldo.jpg 711w\" sizes=\"auto, (max-width: 500px) 100vw, 500px\" \/><\/a><\/p>\n<p>Detentor da maior vota\u00e7\u00e3o para deputado federal em Itapetinga, na elei\u00e7\u00e3o passada, Ant\u00f4nio Brito abre oficialmente a sua\u00a0 campanha para as elei\u00e7\u00f5es de 2018, inaugurando o seu comit\u00ea pol\u00edtico no centro da cidade.<\/p>\n<p>A abertura ser\u00e1 a partir das 19h e dever\u00e1 contar com a presen\u00e7a de in\u00fameras lideran\u00e7as pol\u00edticas regionais e estaduais, a exemplo do vereador soteropolitano Edvaldo Brito, pai do deputado, figura respeitada no mundo pol\u00edtico e jur\u00eddico baiano.<\/p>\n<p>Em contato com o <em>Sudoeste Hoje<\/em>, o articulador pol\u00edtico Leonardo Matos, que representa Brito em todo o M\u00e9dio Sudoeste e outras regi\u00f5es do estado, manifestou a sua satisfa\u00e7\u00e3o em estar \u00e0 frente da campanha do PSD em Itapetinga, com a certeza de que poder\u00e1 ampliar a vota\u00e7\u00e3o do deputado nestas elei\u00e7\u00f5es, em raz\u00e3o dos relevantes servi\u00e7os prestados \u00e0 popula\u00e7\u00e3o, principalmente na \u00e1rea da sa\u00fade.<\/p>\n<p>L\u00e9o Matos ressaltou ainda que o deputado Ant\u00f4nio Brito foi autor e respons\u00e1vel pela libera\u00e7\u00e3o de in\u00fameras emendas parlamentares para o munic\u00edpio de Itapetinga, atrav\u00e9s de uma boa parceria com o prefeito Rodrigo Hagge.<\/p>\n<p>O comit\u00ea pol\u00edtico do deputado Ant\u00f4nio Brito \u00e9 localizado no antigo pr\u00e9dio do Brasileir\u00e3o, entres as ruas Pastor Samuel e Gestor Julio Coelho, no centro comercial de Itapetinga.<\/p>\n<p><strong><em>Por Davi Ferraz<\/em><\/strong><\/p>\n","protected":false},"excerpt":{"rendered":"<p>Detentor da maior vota\u00e7\u00e3o para deputado federal em Itapetinga, na elei\u00e7\u00e3o passada, Ant\u00f4nio Brito abre oficialmente a sua\u00a0 campanha para as elei\u00e7\u00f5es de 2018, inaugurando o seu comit\u00ea pol\u00edtico no centro da cidade. A abertura ser\u00e1 a partir das 19h e dever\u00e1 contar com a presen\u00e7a de in\u00fameras lideran\u00e7as pol\u00edticas regionais e estaduais, a exemplo [&hellip;]<\/p>\n","protected":false},"author":2,"featured_media":74681,"comment_status":"open","ping_status":"open","sticky":false,"template":"","format":"standard","meta":{"footnotes":"","_links_to":"","_links_to_target":""},"categories":[1],"tags":[],"class_list":["post-74679","post","type-post","status-publish","format-standard","has-post-thumbnail","hentry","category-geral"],"views":1200,"_links":{"self":[{"href":"https:\/\/www.sudoestehoje.com.br\/novoportal\/wp-json\/wp\/v2\/posts\/74679","targetHints":{"allow":["GET"]}}],"collection":[{"href":"https:\/\/www.sudoestehoje.com.br\/novoportal\/wp-json\/wp\/v2\/posts"}],"about":[{"href":"https:\/\/www.sudoestehoje.com.br\/novoportal\/wp-json\/wp\/v2\/types\/post"}],"author":[{"embeddable":true,"href":"https:\/\/www.sudoestehoje.com.br\/novoportal\/wp-json\/wp\/v2\/users\/2"}],"replies":[{"embeddable":true,"href":"https:\/\/www.sudoestehoje.com.br\/novoportal\/wp-json\/wp\/v2\/comments?post=74679"}],"version-history":[{"count":4,"href":"https:\/\/www.sudoestehoje.com.br\/novoportal\/wp-json\/wp\/v2\/posts\/74679\/revisions"}],"predecessor-version":[{"id":74684,"href":"https:\/\/www.sudoestehoje.com.br\/novoportal\/wp-json\/wp\/v2\/posts\/74679\/revisions\/74684"}],"wp:featuredmedia":[{"embeddable":true,"href":"https:\/\/www.sudoestehoje.com.br\/novoportal\/wp-json\/wp\/v2\/media\/74681"}],"wp:attachment":[{"href":"https:\/\/www.sudoestehoje.com.br\/novoportal\/wp-json\/wp\/v2\/media?parent=74679"}],"wp:term":[{"taxonomy":"category","embeddable":true,"href":"https:\/\/www.sudoestehoje.com.br\/novoportal\/wp-json\/wp\/v2\/categories?post=74679"},{"taxonomy":"post_tag","embeddable":true,"href":"https:\/\/www.sudoestehoje.com.br\/novoportal\/wp-json\/wp\/v2\/tags?post=74679"}],"curies":[{"name":"wp","href":"https:\/\/api.w.org\/{rel}","templated":true}]}}